{"id":11156,"date":"2021-10-27T13:09:24","date_gmt":"2021-10-27T13:09:24","guid":{"rendered":"http:\/\/www.deportesparalimpicos.com\/?p=11156"},"modified":"2021-10-27T13:11:22","modified_gmt":"2021-10-27T13:11:22","slug":"samuel-pereyra-las-proyecciones-del-2021-son-exitosas","status":"publish","type":"post","link":"http:\/\/www.deportesparalimpicos.com\/?p=11156","title":{"rendered":"SAMUEL PEREYRA: \u00abLAS PROYECCIONES DEL A\u00d1OS 2021 SON EXITOSAS\u00bb"},"content":{"rendered":"\n<p>SANTO DOMINGO. El administrador general del Banco de Reservas, Samuel Pereyra, calific\u00f3 como exitosas las proyecciones del a\u00f1o 2021 de esa instituci\u00f3n bancaria, la cual tiene actualmente utilidades acumuladas por m\u00e1s de RD$12,000 millones durante los \u00faltimos 10 meses.<\/p>\n\n\n\n<p>Pereyra indic\u00f3 que esas utilidades han superado las del pasado a\u00f1o 2020, que durante los 12 meses solo se lleg\u00f3 a acumular RD$10,000 millones.<\/p>\n\n\n\n<p>Asegur\u00f3 que la econom\u00eda del pa\u00eds se encuentra en crecimiento y las proyecciones para fin de a\u00f1o se espera superen m\u00e1s de dos d\u00edgitos, lo que ser\u00eda uno de los m\u00e1s grandes crecimientos econ\u00f3micos de toda la regi\u00f3n.<\/p>\n\n\n\n<p>\u201cTenemos un 36 por ciento del mercado en cantidad de activos del sistema nacional financiero, siendo el principal y m\u00e1s grande banco de la Rep\u00fablica Dominicana\u201d, indic\u00f3 el administrador de Banreservas a su salida de la misa por el 80 aniversario de la instituci\u00f3n.<\/p>\n\n\n\n<p>Manifest\u00f3 que esa entidad financiera ha otorgado apoyo a todos los sectores de la sociedad, en especial a las mipymes, seguido del turismo, sector construcci\u00f3n y la zona franca.<\/p>\n\n\n\n<p>Asegur\u00f3 que al d\u00eda de hoy Banreservas es l\u00edder en cartera de dep\u00f3sitos de sus clientes, lo que ha permitido que en solo 10 meses se haya superado las utilidades en m\u00e1s RD$2,500 millones sin haber terminado el a\u00f1o.<\/p>\n\n\n\n<p>Inform\u00f3 que el pr\u00f3ximo mes inaugurar\u00e1n la feria Expom\u00f3vil, de las ferias m\u00e1s grandes de veh\u00edculos en el pa\u00eds. Tomado de Diario Libre.<\/p>\n","protected":false},"excerpt":{"rendered":"<p>SANTO DOMINGO. El administrador general del Banco de Reservas, Samuel Pereyra, calific\u00f3 como exitosas las proyecciones del a\u00f1o 2021 de esa instituci\u00f3n bancaria, la cual<a class=\"moretag\" href=\"http:\/\/www.deportesparalimpicos.com\/?p=11156\"> [&#8230;]<\/a><\/p>\n","protected":false},"author":7,"featured_media":11157,"comment_status":"open","ping_status":"open","sticky":false,"template":"","format":"standard","meta":[],"categories":[16],"tags":[],"_links":{"self":[{"href":"http:\/\/www.deportesparalimpicos.com\/index.php?rest_route=\/wp\/v2\/posts\/11156"}],"collection":[{"href":"http:\/\/www.deportesparalimpicos.com\/index.php?rest_route=\/wp\/v2\/posts"}],"about":[{"href":"http:\/\/www.deportesparalimpicos.com\/index.php?rest_route=\/wp\/v2\/types\/post"}],"author":[{"embeddable":true,"href":"http:\/\/www.deportesparalimpicos.com\/index.php?rest_route=\/wp\/v2\/users\/7"}],"replies":[{"embeddable":true,"href":"http:\/\/www.deportesparalimpicos.com\/index.php?rest_route=%2Fwp%2Fv2%2Fcomments&post=11156"}],"version-history":[{"count":2,"href":"http:\/\/www.deportesparalimpicos.com\/index.php?rest_route=\/wp\/v2\/posts\/11156\/revisions"}],"predecessor-version":[{"id":11159,"href":"http:\/\/www.deportesparalimpicos.com\/index.php?rest_route=\/wp\/v2\/posts\/11156\/revisions\/11159"}],"wp:featuredmedia":[{"embeddable":true,"href":"http:\/\/www.deportesparalimpicos.com\/index.php?rest_route=\/wp\/v2\/media\/11157"}],"wp:attachment":[{"href":"http:\/\/www.deportesparalimpicos.com\/index.php?rest_route=%2Fwp%2Fv2%2Fmedia&parent=11156"}],"wp:term":[{"taxonomy":"category","embeddable":true,"href":"http:\/\/www.deportesparalimpicos.com\/index.php?rest_route=%2Fwp%2Fv2%2Fcategories&post=11156"},{"taxonomy":"post_tag","embeddable":true,"href":"http:\/\/www.deportesparalimpicos.com\/index.php?rest_route=%2Fwp%2Fv2%2Ftags&post=11156"}],"curies":[{"name":"wp","href":"https:\/\/api.w.org\/{rel}","templated":true}]}}