{"id":54350,"date":"2024-08-02T00:30:00","date_gmt":"2024-08-02T00:30:00","guid":{"rendered":"http:\/\/www.deportesparalimpicos.com\/?p=54350"},"modified":"2024-08-02T12:11:55","modified_gmt":"2024-08-02T12:11:55","slug":"la-campeona-marileidy-paulino-seguira-representando-al-popular","status":"publish","type":"post","link":"http:\/\/www.deportesparalimpicos.com\/?p=54350","title":{"rendered":"LA CAMPEONA MARILEIDY PAULINO SEGUIR\u00c1 REPRESENTANDO&#8230; AL POPULAR"},"content":{"rendered":"\n<p><strong>Par\u00eds, Francia. \u2013<\/strong>&nbsp;El&nbsp;<strong>Banco Popular<\/strong>&nbsp;inform\u00f3 que en el marco de los Juegos Ol\u00edmpicos de Par\u00eds 2024, ser\u00e1 extendida la colaboraci\u00f3n con la doble medallista ol\u00edmpica Marileidy Paulino, quien continuar\u00e1 representando a la entidad bancaria como embajadora de marca en eventos e iniciativas de la organizaci\u00f3n financiera.<\/p>\n\n\n\n<p>El acuerdo fue rubricado en la&nbsp;<strong>Casa Dominicana&nbsp;<\/strong>en Par\u00eds por el se\u00f1or Jos\u00e9 M\u00e1rmol, vicepresidente ejecutivo de Comunicaciones Corporativas, Reputaci\u00f3n y Banca Responsable de Grupo Popular y la atleta Paulino.<\/p>\n\n\n\n<p>Desde 2022, Marileidy es embajadora de la marca Popular y, desde<strong>&nbsp;entonces<\/strong>, ha participado en varias actividades, incluyendo eventos internos con colaboradores del banco y en campa\u00f1as publicitarias como \u00abA ritmo Popular\u00bb, un llamado a la unidad social para la conquista de sue\u00f1os personales y profesionales, contribuyendo al progreso sostenido de la naci\u00f3n dominicana.<\/p>\n\n\n\n<p>Durante la firma del contrato, el se\u00f1or Jos\u00e9 M\u00e1rmol, vicepresidente ejecutivo de Comunicaciones Corporativas, Reputaci\u00f3n y Banca Responsable de Grupo Popular, dijo que \u201ceste acuerdo reafirma el compromiso del Banco Popular de crear valor social compartido en la Rep\u00fablica Dominicana a trav\u00e9s de la promoci\u00f3n de una figura del deporte que es un claro ejemplo para todos\u201d.<\/p>\n\n\n\n<p>El se\u00f1or Felipe Vicini, presidente de CRESO, en sus palabras, subray\u00f3 el apoyo de CRESO a los atletas dominicanos y se\u00f1al\u00f3 el ejemplo inspirador de Marileidy para los j\u00f3venes del pa\u00eds, no solo logrando grandes \u00e9xitos en el deporte, sino demostrando perseverancia y dedicaci\u00f3n, cualidades que los j\u00f3venes deben seguir.<\/p>\n\n\n\n<p>La atleta de \u00e9lite Marileidy Paulino comparti\u00f3 su entusiasmo y agradeci\u00f3 al Popular y a CRESO el respaldo que le han otorgado en su carrera.<\/p>\n\n\n\n<p>\u201cDe verdad que me siento agradecida con el Banco Popular y con CRESO; han hecho algo incre\u00edble conmigo. Me han acompa\u00f1ado desde Tokio en este gran camino hacia los logros ol\u00edmpicos de Par\u00eds, junto con mi equipo\u00bb, indic\u00f3 la doble medallista ol\u00edmpica.<\/p>\n\n\n\n<p>Respecto a sus pr\u00f3ximas competiciones, dijo sentirse \u201cincre\u00edble\u201d con todo el trato que ha recibido.<\/p>\n\n\n\n<p>\u201cMe siento&nbsp;<strong>concentrada<\/strong>&nbsp;para poder darle un buen resultado a la Rep\u00fablica Dominicana, que siempre me apoyan, que siempre oran por m\u00ed. La fe que tengo es m\u00e1s grande que ese oro, de verdad\u201d, afirm\u00f3 entusiasmada Paulino.<\/p>\n\n\n\n<p>El acto cont\u00f3 con la presencia de la embajadora de la Rep\u00fablica Dominicana en Francia, se\u00f1ora Rosa Hern\u00e1ndez de Grull\u00f3n; el presidente de CRESO, se\u00f1or Felipe Vicini; el embajador de la Rep\u00fablica Dominicana ante la UNESCO, se\u00f1or Andr\u00e9s L. Mateo; el ministro de Deportes de la Rep\u00fablica Dominicana, se\u00f1or Francisco Camacho; el presidente del Comit\u00e9 Ol\u00edmpico Dominicano, se\u00f1or Garibaldi Bautista, y el jefe de Misi\u00f3n, se\u00f1or Miguel Camacho.<\/p>\n","protected":false},"excerpt":{"rendered":"<p>Par\u00eds, Francia. \u2013&nbsp;El&nbsp;Banco Popular&nbsp;inform\u00f3 que en el marco de los Juegos Ol\u00edmpicos de Par\u00eds 2024, ser\u00e1 extendida la colaboraci\u00f3n con la doble medallista ol\u00edmpica Marileidy<a class=\"moretag\" href=\"http:\/\/www.deportesparalimpicos.com\/?p=54350\"> [&#8230;]<\/a><\/p>\n","protected":false},"author":7,"featured_media":54351,"comment_status":"closed","ping_status":"closed","sticky":false,"template":"","format":"standard","meta":[],"categories":[16],"tags":[],"_links":{"self":[{"href":"http:\/\/www.deportesparalimpicos.com\/index.php?rest_route=\/wp\/v2\/posts\/54350"}],"collection":[{"href":"http:\/\/www.deportesparalimpicos.com\/index.php?rest_route=\/wp\/v2\/posts"}],"about":[{"href":"http:\/\/www.deportesparalimpicos.com\/index.php?rest_route=\/wp\/v2\/types\/post"}],"author":[{"embeddable":true,"href":"http:\/\/www.deportesparalimpicos.com\/index.php?rest_route=\/wp\/v2\/users\/7"}],"replies":[{"embeddable":true,"href":"http:\/\/www.deportesparalimpicos.com\/index.php?rest_route=%2Fwp%2Fv2%2Fcomments&post=54350"}],"version-history":[{"count":1,"href":"http:\/\/www.deportesparalimpicos.com\/index.php?rest_route=\/wp\/v2\/posts\/54350\/revisions"}],"predecessor-version":[{"id":54352,"href":"http:\/\/www.deportesparalimpicos.com\/index.php?rest_route=\/wp\/v2\/posts\/54350\/revisions\/54352"}],"wp:featuredmedia":[{"embeddable":true,"href":"http:\/\/www.deportesparalimpicos.com\/index.php?rest_route=\/wp\/v2\/media\/54351"}],"wp:attachment":[{"href":"http:\/\/www.deportesparalimpicos.com\/index.php?rest_route=%2Fwp%2Fv2%2Fmedia&parent=54350"}],"wp:term":[{"taxonomy":"category","embeddable":true,"href":"http:\/\/www.deportesparalimpicos.com\/index.php?rest_route=%2Fwp%2Fv2%2Fcategories&post=54350"},{"taxonomy":"post_tag","embeddable":true,"href":"http:\/\/www.deportesparalimpicos.com\/index.php?rest_route=%2Fwp%2Fv2%2Ftags&post=54350"}],"curies":[{"name":"wp","href":"https:\/\/api.w.org\/{rel}","templated":true}]}}