{"id":57230,"date":"2026-03-03T11:20:30","date_gmt":"2026-03-03T11:20:30","guid":{"rendered":"http:\/\/www.deportesparalimpicos.com\/?p=57230"},"modified":"2026-03-03T11:22:13","modified_gmt":"2026-03-03T11:22:13","slug":"kelvin-cruz-y-turismo-unidos-a-los-mejores-del-mundo","status":"publish","type":"post","link":"http:\/\/www.deportesparalimpicos.com\/?p=57230","title":{"rendered":"KELVIN CRUZ Y EL TURISMO, UNIDOS A LOS MEJORES&#8230; DEL MUNDO"},"content":{"rendered":"\n<p>Una explosi\u00f3n de alegr\u00eda y dominicanidad se vivi\u00f3 cuando el ministro de Deportes, Kelvin Cruz, recibi\u00f3 al equipo que representar\u00e1 a la Rep\u00fablica Dominicana en el Cl\u00e1sico Mundial de B\u00e9isbol 2026.<\/p>\n\n\n\n<p>Al llegar al hotel, los peloteros dominicanos encontraron la orquesta del reconocido merenguero t\u00edpico El Prodigio, la cual llen\u00f3 la sala de sabor dominicano. Tambi\u00e9n fueron recibidos por el Ballet Folcl\u00f3rico del Ministerio de Turismo, que aport\u00f3 el colorido y la tradici\u00f3n cultural a la bienvenida.<\/p>\n\n\n\n<p>Cruz salud\u00f3 a los jugadores con efusividad y les dese\u00f3 el mejor de los resultados. \u00abHemos querido realizar este recibimiento para decirle a nuestras estrellas que estamos orgullosos del equipos que tenemos y que su pa\u00eds los respalda\u00bb, expres\u00f3.<\/p>\n\n\n\n<p>La llegada alter\u00f3 el orden habitual del hotel, cuyos hu\u00e9spedes y colaboradores se unieron a la fiesta y no perdieron tiempo para tomarse fotos y compartir con los estelares.<\/p>\n\n\n\n<p>Los peloteros bailaron con sus parejas y se refrescaron en medio de la celebraci\u00f3n.<\/p>\n\n\n\n<p>Un back panel con las frases \u00abLos mejores del mundo\u00bb, \u00ab\u00a1Orgullo dominicano!\u00bb y \u00abBienvenidos\u00bb engalan\u00f3 el lobby.<\/p>\n\n\n\n<p>Fue un evento r\u00e1pido, pero emotivo, que dej\u00f3 claro a los jugadores que su patria los recibe con orgullo.<\/p>\n\n\n\n<p>El equipo dominicano lleg\u00f3 esta tarde al pa\u00eds por el Aeropuerto Internacional Jos\u00e9 Francisco Pe\u00f1a G\u00f3mez en un vuelo ch\u00e1rter desde Miami, para jugar dos partidos de fogueo ante los Tigres de Detroit, previo a su debut el pr\u00f3ximo viernes en el Cl\u00e1sico Mundial ante la novena de Nicaragua.<\/p>\n","protected":false},"excerpt":{"rendered":"<p>Una explosi\u00f3n de alegr\u00eda y dominicanidad se vivi\u00f3 cuando el ministro de Deportes, Kelvin Cruz, recibi\u00f3 al equipo que representar\u00e1 a la Rep\u00fablica Dominicana en<a class=\"moretag\" href=\"http:\/\/www.deportesparalimpicos.com\/?p=57230\"> [&#8230;]<\/a><\/p>\n","protected":false},"author":7,"featured_media":57231,"comment_status":"closed","ping_status":"closed","sticky":false,"template":"","format":"standard","meta":[],"categories":[25],"tags":[],"_links":{"self":[{"href":"http:\/\/www.deportesparalimpicos.com\/index.php?rest_route=\/wp\/v2\/posts\/57230"}],"collection":[{"href":"http:\/\/www.deportesparalimpicos.com\/index.php?rest_route=\/wp\/v2\/posts"}],"about":[{"href":"http:\/\/www.deportesparalimpicos.com\/index.php?rest_route=\/wp\/v2\/types\/post"}],"author":[{"embeddable":true,"href":"http:\/\/www.deportesparalimpicos.com\/index.php?rest_route=\/wp\/v2\/users\/7"}],"replies":[{"embeddable":true,"href":"http:\/\/www.deportesparalimpicos.com\/index.php?rest_route=%2Fwp%2Fv2%2Fcomments&post=57230"}],"version-history":[{"count":3,"href":"http:\/\/www.deportesparalimpicos.com\/index.php?rest_route=\/wp\/v2\/posts\/57230\/revisions"}],"predecessor-version":[{"id":57234,"href":"http:\/\/www.deportesparalimpicos.com\/index.php?rest_route=\/wp\/v2\/posts\/57230\/revisions\/57234"}],"wp:featuredmedia":[{"embeddable":true,"href":"http:\/\/www.deportesparalimpicos.com\/index.php?rest_route=\/wp\/v2\/media\/57231"}],"wp:attachment":[{"href":"http:\/\/www.deportesparalimpicos.com\/index.php?rest_route=%2Fwp%2Fv2%2Fmedia&parent=57230"}],"wp:term":[{"taxonomy":"category","embeddable":true,"href":"http:\/\/www.deportesparalimpicos.com\/index.php?rest_route=%2Fwp%2Fv2%2Fcategories&post=57230"},{"taxonomy":"post_tag","embeddable":true,"href":"http:\/\/www.deportesparalimpicos.com\/index.php?rest_route=%2Fwp%2Fv2%2Ftags&post=57230"}],"curies":[{"name":"wp","href":"https:\/\/api.w.org\/{rel}","templated":true}]}}