{"id":57236,"date":"2026-03-05T06:21:00","date_gmt":"2026-03-05T06:21:00","guid":{"rendered":"http:\/\/www.deportesparalimpicos.com\/?p=57236"},"modified":"2026-03-05T10:38:31","modified_gmt":"2026-03-05T10:38:31","slug":"al-valora-el-desarrollo-deportivo-promovido-por-abinader-y-kelvin-cruz","status":"publish","type":"post","link":"http:\/\/www.deportesparalimpicos.com\/?p=57236","title":{"rendered":"AL VALORA EL DESARROLLO DEPORTIVO PROMOVIDO POR ABINADER Y KELVIN CRUZ"},"content":{"rendered":"\n<p>Los \u00c1ngeles, California. \u2013 El destacado baloncestista de la NBA, Al Horford, agradeci\u00f3 al presidente Luis Abinader y al ministro de Deportes, Kelvin Cruz, por hacer realidad la construcci\u00f3n del techado multiuso \u201cLa Tribu de Quisqueya\u201d, en La Romana.<\/p>\n\n\n\n<p>\u201cPresidente Luis Abinader, much\u00edsimas gracias por estar tan pendiente del desarrollo deportivo en nuestro pa\u00eds y por impulsar el progreso de la juventud. Gracias por ese techado que nos regal\u00f3 en La Romana, ah\u00ed en el barrio Quisqueya; eso es algo que ser\u00e1 muy especial para la comunidad y para el desarrollo de muchos j\u00f3venes\u201d, manifest\u00f3 Horford a trav\u00e9s de un video.<\/p>\n\n\n\n<p>El atleta, quien fue condecorado por el presidente Abinader con la Orden del M\u00e9rito de Duarte, S\u00e1nchez y Mella en el Grado de Caballero por su labor deportiva, lament\u00f3 no haber estado presente en la inauguraci\u00f3n debido a compromisos con su equipo, los Golden State Warriors, en la NBA.<\/p>\n\n\n\n<p>\u201cAprecio mucho ese gesto suyo. Lamentablemente no pude estar por all\u00e1 porque ten\u00eda partido aqu\u00ed en San Francisco, California, pero estoy muy feliz. Vi las fotos y los videos; me siento muy contento con todo el trabajo y la labor realizada por el ministro de Deportes, Kelvin Cruz, por estar pendiente de esa obra y concluirla. Muchas gracias por su apoyo\u201d, expres\u00f3.<\/p>\n\n\n\n<p>La obra es la n\u00famero 40 entregada durante la gesti\u00f3n de Kelvin Cruz al frente del Ministerio de Deportes y fue construida con una inversi\u00f3n de RD$62,376,547.54.<\/p>\n\n\n\n<p>El techado fue solicitado por el veterano jugador de la NBA al presidente Abinader cuando le llev\u00f3 el trofeo de campeones de los Boston Celtics, y dota al municipio de un espacio recreativo seguro y de alta calidad.<\/p>\n\n\n\n<p>El presidente Luis Abinader afirm\u00f3 que la obra es una promesa cumplida a la familia Horford.<\/p>\n\n\n\n<p>Abinader entrega techado multiuso del Club La Tribu de Quisqueya<br>Deportes Presidente Abinader retoma agenda: entrega del moderno techado multiuso en La Romana<br>Hoy<\/p>\n\n\n\n<p>\u201cA quienes ustedes tienen que agradecer es a la familia Horford y un poquito al ministro de Deportes. Pero la familia Horford es la responsable, y nosotros lo que hicimos fue cumplir con nuestro deber; a ellos es que ustedes tienen que agradecer\u201d, sostuvo.<\/p>\n\n\n\n<p>Por su parte, el ministro Kelvin Cruz destac\u00f3 el compromiso del presidente con la ni\u00f1ez, la juventud y todos los actores que convergen en la din\u00e1mica deportiva en el pa\u00eds.<\/p>\n\n\n\n<p>\u201cEl presidente Abinader tiene un compromiso sagrado con nuestra ni\u00f1ez y juventud. Su mandato ha sido claro: debemos llegar a cada rinc\u00f3n de la Rep\u00fablica Dominicana para que el deporte sea una herramienta de cambio en nuestras comunidades\u201d, expres\u00f3.<\/p>\n\n\n\n<p>La actividad cont\u00f3 con la presencia de Tito Horford, padre de Al Horford, y su hermano Kelly Horford. Tambi\u00e9n estuvo presente el ministro de Turismo, David Collado, entre otros funcionarios.<\/p>\n","protected":false},"excerpt":{"rendered":"<p>Los \u00c1ngeles, California. \u2013 El destacado baloncestista de la NBA, Al Horford, agradeci\u00f3 al presidente Luis Abinader y al ministro de Deportes, Kelvin Cruz, por<a class=\"moretag\" href=\"http:\/\/www.deportesparalimpicos.com\/?p=57236\"> [&#8230;]<\/a><\/p>\n","protected":false},"author":7,"featured_media":57237,"comment_status":"closed","ping_status":"closed","sticky":false,"template":"","format":"standard","meta":[],"categories":[23],"tags":[],"_links":{"self":[{"href":"http:\/\/www.deportesparalimpicos.com\/index.php?rest_route=\/wp\/v2\/posts\/57236"}],"collection":[{"href":"http:\/\/www.deportesparalimpicos.com\/index.php?rest_route=\/wp\/v2\/posts"}],"about":[{"href":"http:\/\/www.deportesparalimpicos.com\/index.php?rest_route=\/wp\/v2\/types\/post"}],"author":[{"embeddable":true,"href":"http:\/\/www.deportesparalimpicos.com\/index.php?rest_route=\/wp\/v2\/users\/7"}],"replies":[{"embeddable":true,"href":"http:\/\/www.deportesparalimpicos.com\/index.php?rest_route=%2Fwp%2Fv2%2Fcomments&post=57236"}],"version-history":[{"count":1,"href":"http:\/\/www.deportesparalimpicos.com\/index.php?rest_route=\/wp\/v2\/posts\/57236\/revisions"}],"predecessor-version":[{"id":57238,"href":"http:\/\/www.deportesparalimpicos.com\/index.php?rest_route=\/wp\/v2\/posts\/57236\/revisions\/57238"}],"wp:featuredmedia":[{"embeddable":true,"href":"http:\/\/www.deportesparalimpicos.com\/index.php?rest_route=\/wp\/v2\/media\/57237"}],"wp:attachment":[{"href":"http:\/\/www.deportesparalimpicos.com\/index.php?rest_route=%2Fwp%2Fv2%2Fmedia&parent=57236"}],"wp:term":[{"taxonomy":"category","embeddable":true,"href":"http:\/\/www.deportesparalimpicos.com\/index.php?rest_route=%2Fwp%2Fv2%2Fcategories&post=57236"},{"taxonomy":"post_tag","embeddable":true,"href":"http:\/\/www.deportesparalimpicos.com\/index.php?rest_route=%2Fwp%2Fv2%2Ftags&post=57236"}],"curies":[{"name":"wp","href":"https:\/\/api.w.org\/{rel}","templated":true}]}}