{"id":57242,"date":"2026-03-10T06:40:00","date_gmt":"2026-03-10T06:40:00","guid":{"rendered":"http:\/\/www.deportesparalimpicos.com\/?p=57242"},"modified":"2026-03-10T11:23:01","modified_gmt":"2026-03-10T11:23:01","slug":"las-grandes-ligas-ponderan-los-aportes-de-luis-abinader","status":"publish","type":"post","link":"http:\/\/www.deportesparalimpicos.com\/?p=57242","title":{"rendered":"LAS GRANDES LIGAS VALORAN APORTES DEL PRESIDENTE DE RD&#8230; LUIS ABINADER"},"content":{"rendered":"\n<p>El comisionado de las Grandes Ligas, Rob Manfred, resalt\u00f3 el firme y constante respaldo que ha recibido de parte del presidente de la Rep\u00fablica, Luis Abinader, durante sus casi seis a\u00f1os al frente del Estado dominicano, destacando que ese apoyo ha sido determinante para el fortalecimiento del b\u00e9isbol profesional en el pa\u00eds.<\/p>\n\n\n\n<p>En declaraciones ofrecidas antes del partido entre el combinado nacional dominicano y los Tigres de Detroit, Manfred valor\u00f3 la apertura y disposici\u00f3n mostradas por el mandatario para que las iniciativas de Grandes Ligas en la Rep\u00fablica Dominicana puedan desarrollarse con \u00e9xito.<\/p>\n\n\n\n<p>Subray\u00f3 que el presidente Abinader ha mantenido una actitud colaboradora y proactiva en cada proyecto presentado por la organizaci\u00f3n. \u201cEl presidente ha sido de gran ayuda para nosotros en t\u00e9rminos de asegurarnos de que todo lo que hacemos aqu\u00ed sea exitoso\u201d, apunt\u00f3 el comisionado. \u201cNo se puede pedir mejor compa\u00f1ero que el presidente\u201d, agreg\u00f3.<\/p>\n\n\n\n<p>De su lado, el ministro de Deportes, Kelvin Cruz, agradeci\u00f3 las palabras de elogios del comisionado de MLB y agreg\u00f3 que \u00absu reconocimiento nos confirma que somos una potencia en materia de b\u00e9isbol y que el mismo cuenta con el apoyo incondicional del gobierno dominicano\u00bb.<\/p>\n\n\n\n<p>El comisionado se\u00f1al\u00f3 que uno de los aspectos m\u00e1s relevantes ha sido el respaldo gubernamental a la construcci\u00f3n de un nuevo estadio, iniciativa que, seg\u00fan explic\u00f3, contribuir\u00e1 significativamente al crecimiento del b\u00e9isbol y a la creaci\u00f3n de mayores oportunidades para jugadores y fan\u00e1ticos. \u201cEstamos muy optimistas de que se va a construir un nuevo estadio aqu\u00ed.<\/p>\n\n\n\n<p>Una instalaci\u00f3n aqu\u00ed har\u00eda mucho m\u00e1s f\u00e1cil la celebraci\u00f3n de juegos de temporada regular y de etapas del Cl\u00e1sico Mundial de B\u00e9isbol en Rep\u00fablica Dominicana\u201d, expres\u00f3.<\/p>\n\n\n\n<p>Asimismo, Manfred destac\u00f3 el liderazgo del presidente en el proceso de eliminaci\u00f3n de trabas legales que anteriormente afectaban el desarrollo de operaciones vinculadas a Grandes Ligas en el pa\u00eds.<\/p>\n\n\n\n<p>El m\u00e1ximo ejecutivo de las Grandes Ligas indic\u00f3 que, gracias a ese acompa\u00f1amiento directo desde el Poder Ejecutivo, se han logrado avances importantes para modernizar y transparentar los procesos, fortaleciendo la relaci\u00f3n entre MLB y la Rep\u00fablica Dominicana.<\/p>\n\n\n\n<p>Manfred reiter\u00f3 su agradecimiento al presidente Abinader por su compromiso con el deporte y por entender el impacto social y econ\u00f3mico que tiene el b\u00e9isbol en la naci\u00f3n dominicana.<\/p>\n","protected":false},"excerpt":{"rendered":"<p>El comisionado de las Grandes Ligas, Rob Manfred, resalt\u00f3 el firme y constante respaldo que ha recibido de parte del presidente de la Rep\u00fablica, Luis<a class=\"moretag\" href=\"http:\/\/www.deportesparalimpicos.com\/?p=57242\"> [&#8230;]<\/a><\/p>\n","protected":false},"author":7,"featured_media":57243,"comment_status":"closed","ping_status":"closed","sticky":false,"template":"","format":"standard","meta":[],"categories":[23],"tags":[],"_links":{"self":[{"href":"http:\/\/www.deportesparalimpicos.com\/index.php?rest_route=\/wp\/v2\/posts\/57242"}],"collection":[{"href":"http:\/\/www.deportesparalimpicos.com\/index.php?rest_route=\/wp\/v2\/posts"}],"about":[{"href":"http:\/\/www.deportesparalimpicos.com\/index.php?rest_route=\/wp\/v2\/types\/post"}],"author":[{"embeddable":true,"href":"http:\/\/www.deportesparalimpicos.com\/index.php?rest_route=\/wp\/v2\/users\/7"}],"replies":[{"embeddable":true,"href":"http:\/\/www.deportesparalimpicos.com\/index.php?rest_route=%2Fwp%2Fv2%2Fcomments&post=57242"}],"version-history":[{"count":4,"href":"http:\/\/www.deportesparalimpicos.com\/index.php?rest_route=\/wp\/v2\/posts\/57242\/revisions"}],"predecessor-version":[{"id":57263,"href":"http:\/\/www.deportesparalimpicos.com\/index.php?rest_route=\/wp\/v2\/posts\/57242\/revisions\/57263"}],"wp:featuredmedia":[{"embeddable":true,"href":"http:\/\/www.deportesparalimpicos.com\/index.php?rest_route=\/wp\/v2\/media\/57243"}],"wp:attachment":[{"href":"http:\/\/www.deportesparalimpicos.com\/index.php?rest_route=%2Fwp%2Fv2%2Fmedia&parent=57242"}],"wp:term":[{"taxonomy":"category","embeddable":true,"href":"http:\/\/www.deportesparalimpicos.com\/index.php?rest_route=%2Fwp%2Fv2%2Fcategories&post=57242"},{"taxonomy":"post_tag","embeddable":true,"href":"http:\/\/www.deportesparalimpicos.com\/index.php?rest_route=%2Fwp%2Fv2%2Ftags&post=57242"}],"curies":[{"name":"wp","href":"https:\/\/api.w.org\/{rel}","templated":true}]}}