{"id":57254,"date":"2026-03-15T09:09:00","date_gmt":"2026-03-15T09:09:00","guid":{"rendered":"http:\/\/www.deportesparalimpicos.com\/?p=57254"},"modified":"2026-03-15T13:28:32","modified_gmt":"2026-03-15T13:28:32","slug":"abinader-collado-y-cruz-unidos-por-el-clasico-mundial","status":"publish","type":"post","link":"http:\/\/www.deportesparalimpicos.com\/?p=57254","title":{"rendered":"LUIS ABINADER, DAVID COLLADO Y KELVIN CRUZ, UNIDOS POR EL CL\u00c1SICO&#8230; MUNDIAL"},"content":{"rendered":"\n<h1>El mandatario dominicano vio el debut victorioso dominicano contra Nicaragua; \u00abfue un strike que tir\u00e9\u00bb, dijo.<\/h1>\n\n\n\n<p>El presidente de la Rep\u00fablica,&nbsp;<strong>Luis Abinader, junto a los ministros David Collado y Kelvin Cruz,&nbsp;<\/strong>vivi\u00f3 de cerca el ambiente del&nbsp;<strong>Cl\u00e1sico Mundial<\/strong>&nbsp;de B\u00e9isbol y celebr\u00f3 el debut triunfal de la selecci\u00f3n de dominicana, que derrot\u00f3 12-3 a Nicaragua en el loanDepot Park.<\/p>\n\n\n\n<p>El mandatario, quien estuvo acompa\u00f1ado por los ministros de Deportes,&nbsp;<strong>Kelvin Cruz<\/strong>, y de Turismo, Davic Collado, destac\u00f3 el entusiasmo que rodea al equipo dominicano y el orgullo que siente la di\u00e1spora en el escenario internacional.<\/p>\n\n\n\n<p>\u00abEstamos muy contentos, tenemos un&nbsp;<strong>gran equipo<\/strong>. Pero adem\u00e1s es un&nbsp;<strong>gran ambiente<\/strong>&nbsp;(en el estadio). Aqu\u00ed se ve la&nbsp;<strong>dominicanidad<\/strong>, los dominicanos realmente emocionados y muy orgulloso de su pa\u00eds y de su equipo\u00bb, expres\u00f3.<\/p>\n\n\n\n<p>En medio de la celebraci\u00f3n deportiva, el jefe de Estado tambi\u00e9n reiter\u00f3 los planes del Gobierno para impulsar la construcci\u00f3n de un estadio de b\u00e9isbol de nivel de Grandes Ligas en Rep\u00fablica Dominicana. La idea es construir un nuevo parque en la manzana que ocupa el&nbsp;<strong>Estadio Quisqueya<\/strong>&nbsp;Juan Marichal.<\/p>\n\n\n\n<p>La obra ser\u00eda un&nbsp;<strong>mega proyecto<\/strong>&nbsp;que conllevar\u00eda&nbsp;<strong>hotel<\/strong>, residencias, as\u00ed como una&nbsp;<strong>plaza comercial<\/strong>. La serie de dos partidos de la selecci\u00f3n dominicana contra los Tigres de Detroit, los d\u00edas tres y cuatro de marzo, evidenci\u00f3 el entusiasmo dominicano por el b\u00e9isbol de ese nivel.<\/p>\n\n\n\n<p>\u00abRecuerda que creamos una comisi\u00f3n presidida por el doctor Jorge Subero que est\u00e1 evaluando en una&nbsp;<strong>alianza p\u00fablico-privada<\/strong>&nbsp;hacer un estadio preparado Major League Baseball. Y en eso estamos trabajando\u00bb, indic\u00f3.<\/p>\n\n\n\n<p>La Comisi\u00f3n Consultiva, formada por decreto por el Presidente, consider\u00f3 factible la construcci\u00f3n del parque en esa zona, pero deber\u00e1 conservarse el&nbsp;<strong>Coliseo de Boxeo<\/strong>&nbsp;<strong>Carlos -Teo- Cruz<\/strong>.<\/p>\n\n\n\n<p>Antes del partido, Abinader realiz\u00f3 el lanzamiento de la primera bola, un momento que record\u00f3 con&nbsp;<strong>satisfacci\u00f3n<\/strong>. \u00abFue un&nbsp;<strong>strike<\/strong>&nbsp;que yo tir\u00e9\u00bb, dijo entre sonrisas.<\/p>\n\n\n\n<p>El presidente tambi\u00e9n valor\u00f3 el gesto de que el&nbsp;<strong>capit\u00e1n<\/strong>&nbsp;del conjunto dominicano,&nbsp;<strong>Manny Machado<\/strong>, fuera quien lo recibiera detr\u00e1s del plato.<\/p>\n\n\n\n<p>\u00abManny es el&nbsp;<strong>capit\u00e1n<\/strong>&nbsp;y es una gran persona y es un&nbsp;<strong>gran jugador<\/strong>, un&nbsp;<strong>gran dominicano<\/strong>, un caballero. Por lo tanto, me sent\u00ed muy contento que \u00e9l fuera que me recibiera como catcher. Y, repito, fue un&nbsp;<strong>strike<\/strong>&nbsp;que tir\u00e9\u00bb, afirm\u00f3 el mandatario entrevistado por la televisi\u00f3n dominicana que transmite el partido para el pa\u00eds.<\/p>\n\n\n\n<p>Abinader asegur\u00f3 sentirse especialmente&nbsp;<strong>emocionado<\/strong>&nbsp;por el entusiasmo que muestra el equipo dominicano en el&nbsp;<strong>torneo<\/strong>.<\/p>\n\n\n\n<p>\u00abMuy orgulloso de esa&nbsp;<strong>gran selecci\u00f3n<\/strong>. Es una selecci\u00f3n que est\u00e1 jugando con entusiasmo, con emoci\u00f3n, con&nbsp;<strong>pasi\u00f3n<\/strong>&nbsp;y eso yo lo sent\u00ed cuando estuve con ellos en los camerinos y tambi\u00e9n en Santo Domingo cuando me reun\u00ed y cen\u00e9 con ellos. Por lo tanto, yo estoy muy&nbsp;<strong>emocionado<\/strong>&nbsp;con esta selecci\u00f3n de nosotros poder ganar el Cl\u00e1sico de B\u00e9isbol\u00bb, manifest\u00f3.<\/p>\n","protected":false},"excerpt":{"rendered":"<p>El mandatario dominicano vio el debut victorioso dominicano contra Nicaragua; \u00abfue un strike que tir\u00e9\u00bb, dijo. El presidente de la Rep\u00fablica,&nbsp;Luis Abinader, junto a los<a class=\"moretag\" href=\"http:\/\/www.deportesparalimpicos.com\/?p=57254\"> [&#8230;]<\/a><\/p>\n","protected":false},"author":7,"featured_media":57255,"comment_status":"closed","ping_status":"closed","sticky":false,"template":"","format":"standard","meta":[],"categories":[13],"tags":[],"_links":{"self":[{"href":"http:\/\/www.deportesparalimpicos.com\/index.php?rest_route=\/wp\/v2\/posts\/57254"}],"collection":[{"href":"http:\/\/www.deportesparalimpicos.com\/index.php?rest_route=\/wp\/v2\/posts"}],"about":[{"href":"http:\/\/www.deportesparalimpicos.com\/index.php?rest_route=\/wp\/v2\/types\/post"}],"author":[{"embeddable":true,"href":"http:\/\/www.deportesparalimpicos.com\/index.php?rest_route=\/wp\/v2\/users\/7"}],"replies":[{"embeddable":true,"href":"http:\/\/www.deportesparalimpicos.com\/index.php?rest_route=%2Fwp%2Fv2%2Fcomments&post=57254"}],"version-history":[{"count":2,"href":"http:\/\/www.deportesparalimpicos.com\/index.php?rest_route=\/wp\/v2\/posts\/57254\/revisions"}],"predecessor-version":[{"id":57283,"href":"http:\/\/www.deportesparalimpicos.com\/index.php?rest_route=\/wp\/v2\/posts\/57254\/revisions\/57283"}],"wp:featuredmedia":[{"embeddable":true,"href":"http:\/\/www.deportesparalimpicos.com\/index.php?rest_route=\/wp\/v2\/media\/57255"}],"wp:attachment":[{"href":"http:\/\/www.deportesparalimpicos.com\/index.php?rest_route=%2Fwp%2Fv2%2Fmedia&parent=57254"}],"wp:term":[{"taxonomy":"category","embeddable":true,"href":"http:\/\/www.deportesparalimpicos.com\/index.php?rest_route=%2Fwp%2Fv2%2Fcategories&post=57254"},{"taxonomy":"post_tag","embeddable":true,"href":"http:\/\/www.deportesparalimpicos.com\/index.php?rest_route=%2Fwp%2Fv2%2Ftags&post=57254"}],"curies":[{"name":"wp","href":"https:\/\/api.w.org\/{rel}","templated":true}]}}