{"id":57484,"date":"2026-04-24T06:23:00","date_gmt":"2026-04-24T06:23:00","guid":{"rendered":"http:\/\/www.deportesparalimpicos.com\/?p=57484"},"modified":"2026-04-24T10:48:17","modified_gmt":"2026-04-24T10:48:17","slug":"la-vice-y-kelvin-cruz-siguen-entrengado-techados-deportivos","status":"publish","type":"post","link":"http:\/\/www.deportesparalimpicos.com\/?p=57484","title":{"rendered":"LA VICE RAQUEL PE\u00d1A Y KELVIN CRUZ ENTREGAN OTRO&#8230; TECHADO DEPORTIVO"},"content":{"rendered":"\n<h1>La vicepresidenta Raquel Pe\u00f1a y el ministro de Deportes, Kelvin Cruz, encabezaron la entrega del remodelado techado multiuso del sector Villa Liberaci\u00f3n, en la provincia Santo Domingo, dando continuidad al amplio programa de construcci\u00f3n y reparaci\u00f3n de instalaciones deportivas que desarrolla el Gobierno del presidente Luis Abinader.<\/h1>\n\n\n\n<p>Pe\u00f1a cort\u00f3 la cinta para dejar inaugurada la obra, que abarca un \u00e1rea de 1,460.70 metros cuadrados y fue ejecutada con una inversi\u00f3n de poco m\u00e1s de RD$37 millones, inform\u00f3 el ministro Cruz durante su discurso.<\/p>\n\n\n\n<p>\u201cLa inauguraci\u00f3n de este techado multiuso de Villa Liberaci\u00f3n viene a ser, realmente, una puerta abierta al desarrollo, a los sue\u00f1os y a la esperanza. Aqu\u00ed toda la juventud contar\u00e1 con un lugar digno, moderno, pero tambi\u00e9n seguro, donde podr\u00e1n venir a practicar deporte, a compartir en comunidad y a fortalecer los valores que nos definen como naci\u00f3n\u201d, expres\u00f3 la vicepresidenta Pe\u00f1a.<\/p>\n\n\n\n<p>Cruz se\u00f1al\u00f3 que esta remodelaci\u00f3n era una gran necesidad para el fomento, la masificaci\u00f3n y el desarrollo del deporte en la zona, y que beneficiar\u00e1 a miles de habitantes del sector, ubicado en la calle Jos\u00e9 Francisco Pe\u00f1a G\u00f3mez, del municipio Santo Domingo Este.<\/p>\n\n\n\n<p>\u201cEs un honor estar aqu\u00ed inaugurando una obra m\u00e1s, llevando esperanza, optimismo y vida a las comunidades, as\u00ed como una oportunidad verdadera para el cambio y la transformaci\u00f3n de lo m\u00e1s sagrado que puede tener cualquier sociedad: los ni\u00f1os, los j\u00f3venes, los deportistas y los atletas\u201d, expres\u00f3 el ministro durante el acto, que fue bendecido por el p\u00e1rroco de la Parroquia San \u00d3scar Arnulfo Romero, Edisson Moreno.<\/p>\n\n\n\n<p>Cruz se hizo acompa\u00f1ar de las principales autoridades municipales, as\u00ed como de representantes de la Uni\u00f3n Deportiva, atletas y dirigentes de clubes de la Zona Oriental.<\/p>\n\n\n\n<p>Como ha sido costumbre en cada entrega de instalaciones durante su gesti\u00f3n al frente del Ministerio de Deportes, el funcionario jurament\u00f3 el voluntariado que velar\u00e1 por el cuidado y funcionamiento de la obra, con el objetivo de garantizar su sostenibilidad en el tiempo, con hombres y mujeres de la comunidad.<\/p>\n\n\n\n<p>Adem\u00e1s, entreg\u00f3 utiler\u00eda a la dirigencia deportiva de Villa Liberaci\u00f3n y resalt\u00f3 la importancia que reviste la reconstrucci\u00f3n del techado para el fomento del deporte en dicho municipio y asegur\u00f3 que \u201ceste espacio es una prueba m\u00e1s de que el presidente Abinader desea que el deporte y la recreaci\u00f3n sean accesibles para todos y cada uno de los habitantes de la Rep\u00fablica Dominicana\u201d.<\/p>\n","protected":false},"excerpt":{"rendered":"<p>La vicepresidenta Raquel Pe\u00f1a y el ministro de Deportes, Kelvin Cruz, encabezaron la entrega del remodelado techado multiuso del sector Villa Liberaci\u00f3n, en la provincia<a class=\"moretag\" href=\"http:\/\/www.deportesparalimpicos.com\/?p=57484\"> [&#8230;]<\/a><\/p>\n","protected":false},"author":7,"featured_media":57485,"comment_status":"closed","ping_status":"closed","sticky":false,"template":"","format":"standard","meta":[],"categories":[24],"tags":[],"_links":{"self":[{"href":"http:\/\/www.deportesparalimpicos.com\/index.php?rest_route=\/wp\/v2\/posts\/57484"}],"collection":[{"href":"http:\/\/www.deportesparalimpicos.com\/index.php?rest_route=\/wp\/v2\/posts"}],"about":[{"href":"http:\/\/www.deportesparalimpicos.com\/index.php?rest_route=\/wp\/v2\/types\/post"}],"author":[{"embeddable":true,"href":"http:\/\/www.deportesparalimpicos.com\/index.php?rest_route=\/wp\/v2\/users\/7"}],"replies":[{"embeddable":true,"href":"http:\/\/www.deportesparalimpicos.com\/index.php?rest_route=%2Fwp%2Fv2%2Fcomments&post=57484"}],"version-history":[{"count":8,"href":"http:\/\/www.deportesparalimpicos.com\/index.php?rest_route=\/wp\/v2\/posts\/57484\/revisions"}],"predecessor-version":[{"id":57521,"href":"http:\/\/www.deportesparalimpicos.com\/index.php?rest_route=\/wp\/v2\/posts\/57484\/revisions\/57521"}],"wp:featuredmedia":[{"embeddable":true,"href":"http:\/\/www.deportesparalimpicos.com\/index.php?rest_route=\/wp\/v2\/media\/57485"}],"wp:attachment":[{"href":"http:\/\/www.deportesparalimpicos.com\/index.php?rest_route=%2Fwp%2Fv2%2Fmedia&parent=57484"}],"wp:term":[{"taxonomy":"category","embeddable":true,"href":"http:\/\/www.deportesparalimpicos.com\/index.php?rest_route=%2Fwp%2Fv2%2Fcategories&post=57484"},{"taxonomy":"post_tag","embeddable":true,"href":"http:\/\/www.deportesparalimpicos.com\/index.php?rest_route=%2Fwp%2Fv2%2Ftags&post=57484"}],"curies":[{"name":"wp","href":"https:\/\/api.w.org\/{rel}","templated":true}]}}