{"id":57513,"date":"2026-04-24T06:50:00","date_gmt":"2026-04-24T06:50:00","guid":{"rendered":"http:\/\/www.deportesparalimpicos.com\/?p=57513"},"modified":"2026-04-24T10:52:50","modified_gmt":"2026-04-24T10:52:50","slug":"57513","status":"publish","type":"post","link":"http:\/\/www.deportesparalimpicos.com\/?p=57513","title":{"rendered":"EL INTRANT PROMOVER\u00c1 LA SEGURIDAD VIAL DURANTE LOS&#8230; CENTROAMERICANOS"},"content":{"rendered":"\n<p>SANTO DOMINGO.\u2013 El Comit\u00e9 Organizador de Santo Domingo 2026 suscribi\u00f3 un acuerdo junto al Instituto Nacional de Transporte Terrestre y la Organizaci\u00f3n de las Naciones Unidas (ONU) para promover la seguridad vial en el pa\u00eds durante el desarrollo del evento deportivo.<\/p>\n\n\n\n<p>La firma se llev\u00f3 a cabo en un sal\u00f3n de actos de la ONU con la presencia de Jos\u00e9 P. Monegro, presidente del comit\u00e9 organizador; Milton Morrison, director del Intrant; y Julia del Carmen, coordinadora Residente de la ONU.<\/p>\n\n\n\n<p>Jos\u00e9 P. Monegro, Julia del Carmen y Milton Morrison, junto a Col\u00ed, mascota de los Juegos Centroamericanos y del Caribe Santo Domingo 2026. Fuente externa<\/p>\n\n\n\n<p>El acuerdo tambi\u00e9n establece la colaboraci\u00f3n entre las partes para garantizar un desplazamiento seguro y eficiente de los atletas durante la celebraci\u00f3n de los juegos y promover la seguridad vial como forma de reduce los accidentes.<\/p>\n\n\n\n<p>\u201cCon este acuerdo buscamos reducir una de las problem\u00e1ticas m\u00e1s cr\u00edticas del pa\u00eds: los siniestros viales. Se trata de una pandemia silenciosa, y qu\u00e9 mejor momento que aprovechar la visibilidad de Santo Domingo 2026 para fomentar una cultura de respeto y seguridad en el tr\u00e1nsito. Queremos posicionar la seguridad vial como un valor de estos Juegos\u201d, expres\u00f3 Morrison durante su intervenci\u00f3n.<\/p>\n\n\n\n<p>Entre los objetivos del convenio tambi\u00e9n figura la ejecuci\u00f3n de campa\u00f1as de concienciaci\u00f3n dirigidas a los conductores que circulan en el Gran Santo Domingo.<\/p>\n\n\n\n<p>Asimismo, el Intrant implementar\u00e1 un programa educativo orientado a motociclistas, en el que se explicar\u00e1 el uso adecuado del casco protector. Como parte de estas medidas, se prohibir\u00e1 la importaci\u00f3n de cascos que no cumplan con las normativas establecidas por la instituci\u00f3n.<\/p>\n\n\n\n<p>Por su parte, Julia del Carmen hizo un llamado a la ciudadan\u00eda a priorizar la vida propia y la de los dem\u00e1s al momento de conducir.<\/p>\n\n\n\n<p>\u201cEsta alianza tiene como \u00fanico objetivo salvar vidas. Sabemos que estos juegos ser\u00e1n una vitrina de talento y desarrollo, pero no podemos ignorar una problem\u00e1tica que nos afecta a todos. Queremos que este evento sea seguro, ejemplar y digno de admiraci\u00f3n\u201d, se\u00f1al\u00f3.<\/p>\n\n\n\n<p>De su lado, Monegro calific\u00f3 el acuerdo como un paso acertado para el pa\u00eds, al priorizar la seguridad de la poblaci\u00f3n, especialmente de los j\u00f3venes.<\/p>\n\n\n\n<p>\u201cLo ideal es que, como naci\u00f3n, asumamos este compromiso y generemos conciencia en las futuras generaciones. La seguridad vial es responsabilidad de todos\u201d, afirm\u00f3.<\/p>\n\n\n\n<p>Como parte del plan, el Intrant habilitar\u00e1 v\u00edas expresas temporales durante los Juegos, con el fin de garantizar un traslado \u00e1gil y seguro de los atletas.<\/p>\n\n\n\n<p>Los Juegos Centroamericanos y del Caribe Santo Domingo 2026 se celebrar\u00e1n del 24 de julio al 8 de agosto.<\/p>\n","protected":false},"excerpt":{"rendered":"<p>SANTO DOMINGO.\u2013 El Comit\u00e9 Organizador de Santo Domingo 2026 suscribi\u00f3 un acuerdo junto al Instituto Nacional de Transporte Terrestre y la Organizaci\u00f3n de las Naciones<a class=\"moretag\" href=\"http:\/\/www.deportesparalimpicos.com\/?p=57513\"> [&#8230;]<\/a><\/p>\n","protected":false},"author":7,"featured_media":57515,"comment_status":"closed","ping_status":"closed","sticky":false,"template":"","format":"standard","meta":[],"categories":[17],"tags":[],"_links":{"self":[{"href":"http:\/\/www.deportesparalimpicos.com\/index.php?rest_route=\/wp\/v2\/posts\/57513"}],"collection":[{"href":"http:\/\/www.deportesparalimpicos.com\/index.php?rest_route=\/wp\/v2\/posts"}],"about":[{"href":"http:\/\/www.deportesparalimpicos.com\/index.php?rest_route=\/wp\/v2\/types\/post"}],"author":[{"embeddable":true,"href":"http:\/\/www.deportesparalimpicos.com\/index.php?rest_route=\/wp\/v2\/users\/7"}],"replies":[{"embeddable":true,"href":"http:\/\/www.deportesparalimpicos.com\/index.php?rest_route=%2Fwp%2Fv2%2Fcomments&post=57513"}],"version-history":[{"count":2,"href":"http:\/\/www.deportesparalimpicos.com\/index.php?rest_route=\/wp\/v2\/posts\/57513\/revisions"}],"predecessor-version":[{"id":57516,"href":"http:\/\/www.deportesparalimpicos.com\/index.php?rest_route=\/wp\/v2\/posts\/57513\/revisions\/57516"}],"wp:featuredmedia":[{"embeddable":true,"href":"http:\/\/www.deportesparalimpicos.com\/index.php?rest_route=\/wp\/v2\/media\/57515"}],"wp:attachment":[{"href":"http:\/\/www.deportesparalimpicos.com\/index.php?rest_route=%2Fwp%2Fv2%2Fmedia&parent=57513"}],"wp:term":[{"taxonomy":"category","embeddable":true,"href":"http:\/\/www.deportesparalimpicos.com\/index.php?rest_route=%2Fwp%2Fv2%2Fcategories&post=57513"},{"taxonomy":"post_tag","embeddable":true,"href":"http:\/\/www.deportesparalimpicos.com\/index.php?rest_route=%2Fwp%2Fv2%2Ftags&post=57513"}],"curies":[{"name":"wp","href":"https:\/\/api.w.org\/{rel}","templated":true}]}}