{"id":57522,"date":"2026-04-24T06:06:00","date_gmt":"2026-04-24T06:06:00","guid":{"rendered":"http:\/\/www.deportesparalimpicos.com\/?p=57522"},"modified":"2026-04-24T10:47:23","modified_gmt":"2026-04-24T10:47:23","slug":"luis-abinader-y-kelvin-cruz-unidos-por-los-juegos-interbarriales-sub-20","status":"publish","type":"post","link":"http:\/\/www.deportesparalimpicos.com\/?p=57522","title":{"rendered":"LUIS ABINADER Y KELVIN CRUZ, UNIDOS POR LOS JUEGOS INTERBARRIALES SUB-20"},"content":{"rendered":"\n<p>Con la participaci\u00f3n de 150 equipos, el Ministerio de Deportes y Recreaci\u00f3n (Miderec) anunci\u00f3 la celebraci\u00f3n de los Juegos Interbarriales de Baloncesto Sub-20, con premios superiores a los 2 millones 500 mil pesos, justa dedicada al destacado deportista Federico Lalane Jos\u00e9.<\/p>\n\n\n\n<p>El acto de apertura est\u00e1 programado para el mi\u00e9rcoles 29, a las 5:00 de la tarde, en el Polideportivo Tony Barreiro de la Universidad Aut\u00f3noma de Santo Domingo (UASD).<\/p>\n\n\n\n<p>El ministro de Deportes, Kelvin Cruz, destac\u00f3 que la realizaci\u00f3n de este evento cuenta con el respaldo del presidente Luis Abinader.<\/p>\n\n\n\n<p>Declar\u00f3 que el equipo que resulte campe\u00f3n recibir\u00e1 un mill\u00f3n de pesos, mientras que los ganadores de cada zona obtendr\u00e1n 250 mil, siempre y cuando mantengan la disciplina.<\/p>\n\n\n\n<p>\u201cEstamos remozando m\u00e1s de 30 canchas (tableros, luces y pintura) para que est\u00e9n en \u00f3ptimas condiciones para la celebraci\u00f3n de este gran evento. De igual forma, estaremos entregando uniformes, pelotas (2 para cada equipo; es decir, 300 pelotas de baloncesto de alta calidad), mallas, pitos y pizarras manuales\u201d, se\u00f1al\u00f3 Cruz.<\/p>\n\n\n\n<p>Las competencias reunir\u00e1n a 150 equipos provenientes de barrios del Distrito Nacional y la provincia Santo Domingo, consolid\u00e1ndose como una plataforma para el desarrollo deportivo y el fortalecimiento del liderazgo comunitario.<\/p>\n\n\n\n<p>En el Distrito Nacional participar\u00e1n 48 equipos, organizados en grupos que avanzar\u00e1n progresivamente en un formato competitivo hasta definir los campeones de las seis zonas establecidas, quienes posteriormente disputar\u00e1n las rondas eliminatorias rumbo a la gran final.<\/p>\n\n\n\n<p>Deportes Gigantes de San Francisco arrancan imparables en la LNB con marca perfecta (3-0)<br>Junior Matrille<\/p>\n\n\n\n<p>Los Juegos Interbarriales Sub-20 adquieren especial relevancia al celebrarse en el contexto de los Juegos Centroamericanos 2026.<\/p>\n\n\n\n<p>Dedicado a Lalane Jos\u00e9<\/p>\n\n\n\n<p>La edici\u00f3n est\u00e1 dedicada a Federico Lalane Jos\u00e9, en reconocimiento a su trayectoria en el deporte y la administraci\u00f3n p\u00fablica. Lalane Jos\u00e9 se distingui\u00f3 como un apasionado del deporte, con participaci\u00f3n inicial en el b\u00e9isbol y el baloncesto. Fue presidente de la Federaci\u00f3n Dominicana de Baloncesto (Fedombal), de la Liga Nacional de Baloncesto (LNB) y vicepresidente de la Confederaci\u00f3n Centroamericana y del Caribe de Baloncesto. Adem\u00e1s, fue el primer dominicano en la FIBA.<\/p>\n","protected":false},"excerpt":{"rendered":"<p>Con la participaci\u00f3n de 150 equipos, el Ministerio de Deportes y Recreaci\u00f3n (Miderec) anunci\u00f3 la celebraci\u00f3n de los Juegos Interbarriales de Baloncesto Sub-20, con premios<a class=\"moretag\" href=\"http:\/\/www.deportesparalimpicos.com\/?p=57522\"> [&#8230;]<\/a><\/p>\n","protected":false},"author":7,"featured_media":57523,"comment_status":"closed","ping_status":"closed","sticky":false,"template":"","format":"standard","meta":[],"categories":[23],"tags":[],"_links":{"self":[{"href":"http:\/\/www.deportesparalimpicos.com\/index.php?rest_route=\/wp\/v2\/posts\/57522"}],"collection":[{"href":"http:\/\/www.deportesparalimpicos.com\/index.php?rest_route=\/wp\/v2\/posts"}],"about":[{"href":"http:\/\/www.deportesparalimpicos.com\/index.php?rest_route=\/wp\/v2\/types\/post"}],"author":[{"embeddable":true,"href":"http:\/\/www.deportesparalimpicos.com\/index.php?rest_route=\/wp\/v2\/users\/7"}],"replies":[{"embeddable":true,"href":"http:\/\/www.deportesparalimpicos.com\/index.php?rest_route=%2Fwp%2Fv2%2Fcomments&post=57522"}],"version-history":[{"count":2,"href":"http:\/\/www.deportesparalimpicos.com\/index.php?rest_route=\/wp\/v2\/posts\/57522\/revisions"}],"predecessor-version":[{"id":57525,"href":"http:\/\/www.deportesparalimpicos.com\/index.php?rest_route=\/wp\/v2\/posts\/57522\/revisions\/57525"}],"wp:featuredmedia":[{"embeddable":true,"href":"http:\/\/www.deportesparalimpicos.com\/index.php?rest_route=\/wp\/v2\/media\/57523"}],"wp:attachment":[{"href":"http:\/\/www.deportesparalimpicos.com\/index.php?rest_route=%2Fwp%2Fv2%2Fmedia&parent=57522"}],"wp:term":[{"taxonomy":"category","embeddable":true,"href":"http:\/\/www.deportesparalimpicos.com\/index.php?rest_route=%2Fwp%2Fv2%2Fcategories&post=57522"},{"taxonomy":"post_tag","embeddable":true,"href":"http:\/\/www.deportesparalimpicos.com\/index.php?rest_route=%2Fwp%2Fv2%2Ftags&post=57522"}],"curies":[{"name":"wp","href":"https:\/\/api.w.org\/{rel}","templated":true}]}}