{"id":57528,"date":"2026-04-27T06:37:00","date_gmt":"2026-04-27T06:37:00","guid":{"rendered":"http:\/\/www.deportesparalimpicos.com\/?p=57528"},"modified":"2026-04-27T13:39:07","modified_gmt":"2026-04-27T13:39:07","slug":"57528","status":"publish","type":"post","link":"http:\/\/www.deportesparalimpicos.com\/?p=57528","title":{"rendered":"EL MINISTRO KELVIN CRUZ Y RAQUEL PE\u00d1A, DOS ALIADOS DEPORTIVOS&#8230; DE SANTIAGO"},"content":{"rendered":"\n<h1>EL NUEVO DIARIO, SANTIAGO.- La vicepresidenta de la Rep\u00fablica, Raquel Pe\u00f1a, y el ministro de Deportes, Kelvin Cruz, encabezaron el acto del primer picazo para iniciar la reparaci\u00f3n del Club Deportivo y Cultural Pueblo Nuevo, una obra que fortalecer\u00e1 y fomentar\u00e1 la pr\u00e1ctica deportiva, as\u00ed como el desarrollo comunitario.<\/h1>\n\n\n\n<p>La obra cuenta con una inversi\u00f3n de RD$28,425,626.20 y contempla la intervenci\u00f3n de un \u00e1rea aproximada de 1,507.37 metros cuadrados, abarcando espacios clave como la zona de juego, la estructura met\u00e1lica, los vestidores de atletas, los ba\u00f1os para visitantes y las oficinas administrativas, adem\u00e1s de \u00e1reas exteriores, con el objetivo de elevar la calidad de las actividades que all\u00ed se realizan.<\/p>\n\n\n\n<p>De acuerdo con una nota informativa, al dirigirse a los presentes, el ministro Kelvin Cruz asegur\u00f3 que el Gobierno est\u00e1 haciendo realidad el sue\u00f1o de una comunidad, al reconstruir un espacio emblem\u00e1tico para el baloncesto superior de Santiago.<\/p>\n\n\n\n<p>\u201cEste picazo, con un monto superior a los 28 millones de pesos, es una muestra de nuestro compromiso con esta provincia y con el deporte en general. No estamos hablando palabras vac\u00edas en el aire, sino demostrando que los hechos son m\u00e1s elocuentes que las palabras\u201d, afirm\u00f3 Cruz.<\/p>\n\n\n\n<p>El titular de Deportes expres\u00f3 que el inicio de los trabajos para remozar el Club Deportivo y Cultural Pueblo Nuevo har\u00e1 justicia, devolviendo a la provincia lo que ha sembrado con amor, trabajo, compromiso y confianza en el presidente Luis Abinader.<\/p>\n\n\n\n<p>En el acto, anunci\u00f3 la intervenci\u00f3n del Club Deportivo Los Pepinos, otro espacio que vendr\u00e1 a transformar el deporte en la comunidad.<\/p>\n\n\n\n<p>De su lado, la vicepresidenta Raquel Pe\u00f1a asegur\u00f3 que obras como esta se traducen en m\u00e1s oportunidades para la recreaci\u00f3n sana, el desarrollo integral y el fortalecimiento de los lazos comunitarios que hacen grande a esta comunidad.<\/p>\n\n\n\n<p>\u201cEl Gobierno que encabeza el presidente Luis Abinader apuesta al fortalecimiento de los espacios deportivos para brindar mejores condiciones a nuestros j\u00f3venes atletas y seguir impulsando el desarrollo de otras disciplinas deportivas\u201d, dijo Pe\u00f1a.<\/p>\n\n\n\n<p>Agrega que, el proyecto, ubicado en el sector Pueblo Nuevo de esta provincia, incluye el desmonte y limpieza de la estructura met\u00e1lica, el cambio de correas met\u00e1licas en el techado, as\u00ed como la sustituci\u00f3n de aluzinc y canaletas en el techo, garantizando mejores condiciones estructurales y de durabilidad.<\/p>\n\n\n\n<p>Asimismo, se realizar\u00e1 la colocaci\u00f3n de tabl\u00f3ncillo de madera en la cancha, la instalaci\u00f3n de dos soportes profesionales con tableros certificados bajo est\u00e1ndares FIBA, una pizarra digital y un reloj de 24 segundos, elementos esenciales para la pr\u00e1ctica competitiva del baloncesto.<\/p>\n\n\n\n<p>Adem\u00e1s, contempla la instalaci\u00f3n de cajuelas, parales y mallas, asientos para gradas, abanicos industriales e instalaciones el\u00e9ctricas generales, contribuyendo a mejorar la comodidad y funcionalidad del recinto, entre otras amenidades.<\/p>\n\n\n\n<p><strong>Personalidades presentes<\/strong><\/p>\n\n\n\n<p>En el acto estuvieron presentes el alcalde Ulises Rodr\u00edguez; la gobernadora Rosa Santos; el senador Daniel Rivera; el presidente del Club Pueblo Nuevo, Hanry Hungr\u00eda, as\u00ed como diputados y comunitarios.<\/p>\n\n\n\n<p>Posteriormente, Cruz particip\u00f3 en la inauguraci\u00f3n de una cancha entregada por el alcalde Rodr\u00edguez al barrio Las Praderas, valorando el trabajo del edil e impulsando este tipo de iniciativas que vienen a beneficiar a los j\u00f3venes de la localidad.<\/p>\n\n\n\n<p>\u201cComo ministro de Deportes, quiero hacer una alianza estrat\u00e9gica para seguir transformando a Santiago\u201d, propuso el ministro.<\/p>\n","protected":false},"excerpt":{"rendered":"<p>EL NUEVO DIARIO, SANTIAGO.- La vicepresidenta de la Rep\u00fablica, Raquel Pe\u00f1a, y el ministro de Deportes, Kelvin Cruz, encabezaron el acto del primer picazo para<a class=\"moretag\" href=\"http:\/\/www.deportesparalimpicos.com\/?p=57528\"> [&#8230;]<\/a><\/p>\n","protected":false},"author":7,"featured_media":57529,"comment_status":"closed","ping_status":"closed","sticky":false,"template":"","format":"standard","meta":[],"categories":[24],"tags":[],"_links":{"self":[{"href":"http:\/\/www.deportesparalimpicos.com\/index.php?rest_route=\/wp\/v2\/posts\/57528"}],"collection":[{"href":"http:\/\/www.deportesparalimpicos.com\/index.php?rest_route=\/wp\/v2\/posts"}],"about":[{"href":"http:\/\/www.deportesparalimpicos.com\/index.php?rest_route=\/wp\/v2\/types\/post"}],"author":[{"embeddable":true,"href":"http:\/\/www.deportesparalimpicos.com\/index.php?rest_route=\/wp\/v2\/users\/7"}],"replies":[{"embeddable":true,"href":"http:\/\/www.deportesparalimpicos.com\/index.php?rest_route=%2Fwp%2Fv2%2Fcomments&post=57528"}],"version-history":[{"count":3,"href":"http:\/\/www.deportesparalimpicos.com\/index.php?rest_route=\/wp\/v2\/posts\/57528\/revisions"}],"predecessor-version":[{"id":57532,"href":"http:\/\/www.deportesparalimpicos.com\/index.php?rest_route=\/wp\/v2\/posts\/57528\/revisions\/57532"}],"wp:featuredmedia":[{"embeddable":true,"href":"http:\/\/www.deportesparalimpicos.com\/index.php?rest_route=\/wp\/v2\/media\/57529"}],"wp:attachment":[{"href":"http:\/\/www.deportesparalimpicos.com\/index.php?rest_route=%2Fwp%2Fv2%2Fmedia&parent=57528"}],"wp:term":[{"taxonomy":"category","embeddable":true,"href":"http:\/\/www.deportesparalimpicos.com\/index.php?rest_route=%2Fwp%2Fv2%2Fcategories&post=57528"},{"taxonomy":"post_tag","embeddable":true,"href":"http:\/\/www.deportesparalimpicos.com\/index.php?rest_route=%2Fwp%2Fv2%2Ftags&post=57528"}],"curies":[{"name":"wp","href":"https:\/\/api.w.org\/{rel}","templated":true}]}}