{"id":57533,"date":"2026-04-27T06:43:00","date_gmt":"2026-04-27T06:43:00","guid":{"rendered":"http:\/\/www.deportesparalimpicos.com\/?p=57533"},"modified":"2026-04-27T11:26:14","modified_gmt":"2026-04-27T11:26:14","slug":"57533","status":"publish","type":"post","link":"http:\/\/www.deportesparalimpicos.com\/?p=57533","title":{"rendered":"DAVID COLLADO: LA DIVERSIFICACI\u00d3N HA AUMENTADO EL FLUJO DE TURISTAS A RD"},"content":{"rendered":"\n<p>La diversificaci\u00f3n de la oferta tur\u00edstica m\u00e1s all\u00e1 del segmento de sol y playa y el todo incluido han mantenido a la Rep\u00fablica Dominicana en una posici\u00f3n lo suficientemente resiliente para proyectar hasta 12 millones de visitantes al cierre del 2026 pese a la&nbsp;<strong>crisis global<\/strong>&nbsp;derivada de la&nbsp;<strong>guerra del Golfo P\u00e9rsico<\/strong>.<\/p>\n\n\n\n<p>As\u00ed coincidieron&nbsp;<strong>autoridades y ejecutivos<\/strong>&nbsp;al inaugurar en&nbsp;<strong>B\u00e1varo<\/strong>&nbsp;la&nbsp;<strong>Feria Tur\u00edstica DATE 2026<\/strong>, el evento comercial m\u00e1s relevante para hoteleros y actores vinculados a la cadena de valor de la industria.<\/p>\n\n\n\n<p>El&nbsp;<strong>ministro de Turismo<\/strong>,&nbsp;<strong>David Collado<\/strong>, asegur\u00f3 que ha sido la diversificaci\u00f3n y la&nbsp;<strong>descentralizaci\u00f3n<\/strong>&nbsp;de los destinos tur\u00edsticos lo que permiti\u00f3 que el pa\u00eds recibiera a m\u00e1s de&nbsp;<strong>950,000 pasajeros v\u00eda a\u00e9rea<\/strong>&nbsp;y casi 400,000 pasajeros v\u00eda mar\u00edtima a pesar de los efectos de la guerra.<\/p>\n\n\n\n<p>Indic\u00f3 que todo el trabajo realizado en los \u00faltimos cinco a\u00f1os, orientado a&nbsp;<strong>promoci\u00f3n tur\u00edstica internacional<\/strong>&nbsp;y la articulaci\u00f3n con el&nbsp;<strong>sector privado<\/strong>&nbsp;fue lo que hizo que \u00abla llegada de este conflicto encontrara a Dominicana&nbsp;<strong>mejor posicionada<\/strong>&nbsp;que los dem\u00e1s pa\u00edses del Caribe y de la regi\u00f3n\u00bb.<\/p>\n\n\n\n<p>\u00abEstamos apostando a la&nbsp;<strong>descentralizaci\u00f3n<\/strong>. Estamos mostrando al mundo que tenemos&nbsp;<strong>otros destinos tur\u00edsticos<\/strong>, que el preferido es&nbsp;<strong>B\u00e1varo<\/strong>-Punta Cana, pero hay otros\u00bb, asegur\u00f3.<\/p>\n\n\n\n<hr class=\"wp-block-separator\"\/>\n\n\n\n<h2><strong>Descentralizaci\u00f3n<\/strong>&nbsp;<\/h2>\n\n\n\n<p>Muestra de este dinamismo ha sido el impulso que ha tenido&nbsp;<strong>Miches<\/strong>, que alcanz\u00f3 una ocupaci\u00f3n hotelera m\u00e1xima del 100 % solo en el mes de&nbsp;<strong>marzo<\/strong>, y que ha mantenido niveles de ocupaci\u00f3n entre el 97 % y el 98 % en lo que va de a\u00f1o.<\/p>\n\n\n\n<p>De igual manera destaca&nbsp;<strong>Puerto Plata<\/strong>&nbsp;con el proyecto tur\u00edstico&nbsp;<strong>Punta Bergant\u00edn<\/strong>, que cont\u00f3 con una inversi\u00f3n del&nbsp;<strong>Banco de Reservas<\/strong>&nbsp;que rond\u00f3 entre los 80 y 90 millones de d\u00f3lares en compras de terrenos, y que hoy d\u00eda han podido vender m\u00e1s de 140 millones de d\u00f3lares, lo cual muestra el creciente inter\u00e9s de la inversi\u00f3n en este destino.<\/p>\n\n\n\n<p><strong>Impacto de la industria tur\u00edstica en el pa\u00eds<\/strong><\/p>\n\n\n\n<p>Al liderar la apertura de la Feria Tur\u00edstica DATE 2026, la vicepresidenta de la Asociaci\u00f3n de Hoteles y Turismo (Asonahores), Aguie Lendor, asegur\u00f3 que el dinamismo del turismo ha permitido que el pa\u00eds cuente con una planta hotelera que ofrece 89,000 habitaciones, y con la incorporaci\u00f3n de m\u00e1s de 9,000 nuevas para los pr\u00f3ximos a\u00f1os.<\/p>\n\n\n\n<p>\u00abEste crecimiento responde a una demanda sostenida y a la confianza de quienes contin\u00faan apostando por la Rep\u00fablica Dominicana\u00bb, manifest\u00f3 Lendor, quien indic\u00f3 que esto tambi\u00e9n responde a elevados est\u00e1ndares de calidad y al foco de mejorar cada vez m\u00e1s la experiencia para los visitantes.<\/p>\n\n\n\n<p>Esto tambi\u00e9n ha permitido el sostenimiento de m\u00e1s de 800,000 empleos directos, indirectos e inducidos en el sector, adem\u00e1s de reunir m\u00e1s de 4,000 millones de d\u00f3lares en proyectos tur\u00edsticos que ya se encuentran en ejecuci\u00f3n o planificaci\u00f3n, abund\u00f3 el primer vicepresidente ejecutivo de Asonahores, Javier Tejada.<\/p>\n\n\n\n<p>\u00abM\u00e1s del 40 % de los insumos del sector hotelero provienen de la producci\u00f3n local\u00bb, enfatiz\u00f3.<\/p>\n","protected":false},"excerpt":{"rendered":"<p>La diversificaci\u00f3n de la oferta tur\u00edstica m\u00e1s all\u00e1 del segmento de sol y playa y el todo incluido han mantenido a la Rep\u00fablica Dominicana en<a class=\"moretag\" href=\"http:\/\/www.deportesparalimpicos.com\/?p=57533\"> [&#8230;]<\/a><\/p>\n","protected":false},"author":7,"featured_media":57534,"comment_status":"closed","ping_status":"closed","sticky":false,"template":"","format":"standard","meta":[],"categories":[17],"tags":[],"_links":{"self":[{"href":"http:\/\/www.deportesparalimpicos.com\/index.php?rest_route=\/wp\/v2\/posts\/57533"}],"collection":[{"href":"http:\/\/www.deportesparalimpicos.com\/index.php?rest_route=\/wp\/v2\/posts"}],"about":[{"href":"http:\/\/www.deportesparalimpicos.com\/index.php?rest_route=\/wp\/v2\/types\/post"}],"author":[{"embeddable":true,"href":"http:\/\/www.deportesparalimpicos.com\/index.php?rest_route=\/wp\/v2\/users\/7"}],"replies":[{"embeddable":true,"href":"http:\/\/www.deportesparalimpicos.com\/index.php?rest_route=%2Fwp%2Fv2%2Fcomments&post=57533"}],"version-history":[{"count":4,"href":"http:\/\/www.deportesparalimpicos.com\/index.php?rest_route=\/wp\/v2\/posts\/57533\/revisions"}],"predecessor-version":[{"id":57539,"href":"http:\/\/www.deportesparalimpicos.com\/index.php?rest_route=\/wp\/v2\/posts\/57533\/revisions\/57539"}],"wp:featuredmedia":[{"embeddable":true,"href":"http:\/\/www.deportesparalimpicos.com\/index.php?rest_route=\/wp\/v2\/media\/57534"}],"wp:attachment":[{"href":"http:\/\/www.deportesparalimpicos.com\/index.php?rest_route=%2Fwp%2Fv2%2Fmedia&parent=57533"}],"wp:term":[{"taxonomy":"category","embeddable":true,"href":"http:\/\/www.deportesparalimpicos.com\/index.php?rest_route=%2Fwp%2Fv2%2Fcategories&post=57533"},{"taxonomy":"post_tag","embeddable":true,"href":"http:\/\/www.deportesparalimpicos.com\/index.php?rest_route=%2Fwp%2Fv2%2Ftags&post=57533"}],"curies":[{"name":"wp","href":"https:\/\/api.w.org\/{rel}","templated":true}]}}