{"id":57561,"date":"2026-04-27T13:40:52","date_gmt":"2026-04-27T13:40:52","guid":{"rendered":"http:\/\/www.deportesparalimpicos.com\/?p=57561"},"modified":"2026-04-27T13:40:59","modified_gmt":"2026-04-27T13:40:59","slug":"ito-bisono-y-kelvin-cruz-unidos-por-el-voleibol-de-los-centroamericanos","status":"publish","type":"post","link":"http:\/\/www.deportesparalimpicos.com\/?p=57561","title":{"rendered":"ITO BISON\u00d3 Y KELVIN CRUZ, UNIDOS POR EL VOLEIBOL DE LOS&#8230; CENTROAMERICANOS"},"content":{"rendered":"\n<p>Como parte del programa de obras deportivas que impulsa el gobierno para los Juegos Centroamericanos y del Caribe Santo Domingo 2026, el ministro de Vivienda y Edificaciones, V\u00edctor \u201cIto\u201d Bison\u00f3, entreg\u00f3 el remozado Pabell\u00f3n para pr\u00e1ctica de Voleibol del Centro Ol\u00edmpico Juan Pablo Duarte.<\/p>\n\n\n\n<p>\u201cIto\u201d Bison\u00f3 hizo entrega de este pabell\u00f3n al ministerio de Deportes, Kelvin Cruz; el Comit\u00e9 Organizador de los Juegos Centroamericanos y del Caribe, que preside Jos\u00e9 P. Monegro, y al Comit\u00e9 Ol\u00edmpico Dominicano.<\/p>\n\n\n\n<p>Al recibir la instalaci\u00f3n, el ministro Kelvin Cruz afirm\u00f3 que la entrega de este pabell\u00f3n es una muestra m\u00e1s de que las autoridades est\u00e1n cumpliendo con el cronograma de trabajo de cara a la cita multideportiva regional.<\/p>\n\n\n\n<p>\u201cLes anuncio que junto al Ministerio de Vivienda y Edificaciones, a partir de este momento nos declaramos en sesi\u00f3n permanente en el Centro Ol\u00edmpico y en el Parque del Este, para que las entregas se contin\u00faen realizando con tiempo suficiente\u201d, dijo Cruz, quien resalt\u00f3 las bondades del pabell\u00f3n remozado.<\/p>\n","protected":false},"excerpt":{"rendered":"<p>Como parte del programa de obras deportivas que impulsa el gobierno para los Juegos Centroamericanos y del Caribe Santo Domingo 2026, el ministro de Vivienda<a class=\"moretag\" href=\"http:\/\/www.deportesparalimpicos.com\/?p=57561\"> [&#8230;]<\/a><\/p>\n","protected":false},"author":7,"featured_media":57562,"comment_status":"closed","ping_status":"closed","sticky":false,"template":"","format":"standard","meta":[],"categories":[13],"tags":[],"_links":{"self":[{"href":"http:\/\/www.deportesparalimpicos.com\/index.php?rest_route=\/wp\/v2\/posts\/57561"}],"collection":[{"href":"http:\/\/www.deportesparalimpicos.com\/index.php?rest_route=\/wp\/v2\/posts"}],"about":[{"href":"http:\/\/www.deportesparalimpicos.com\/index.php?rest_route=\/wp\/v2\/types\/post"}],"author":[{"embeddable":true,"href":"http:\/\/www.deportesparalimpicos.com\/index.php?rest_route=\/wp\/v2\/users\/7"}],"replies":[{"embeddable":true,"href":"http:\/\/www.deportesparalimpicos.com\/index.php?rest_route=%2Fwp%2Fv2%2Fcomments&post=57561"}],"version-history":[{"count":1,"href":"http:\/\/www.deportesparalimpicos.com\/index.php?rest_route=\/wp\/v2\/posts\/57561\/revisions"}],"predecessor-version":[{"id":57563,"href":"http:\/\/www.deportesparalimpicos.com\/index.php?rest_route=\/wp\/v2\/posts\/57561\/revisions\/57563"}],"wp:featuredmedia":[{"embeddable":true,"href":"http:\/\/www.deportesparalimpicos.com\/index.php?rest_route=\/wp\/v2\/media\/57562"}],"wp:attachment":[{"href":"http:\/\/www.deportesparalimpicos.com\/index.php?rest_route=%2Fwp%2Fv2%2Fmedia&parent=57561"}],"wp:term":[{"taxonomy":"category","embeddable":true,"href":"http:\/\/www.deportesparalimpicos.com\/index.php?rest_route=%2Fwp%2Fv2%2Fcategories&post=57561"},{"taxonomy":"post_tag","embeddable":true,"href":"http:\/\/www.deportesparalimpicos.com\/index.php?rest_route=%2Fwp%2Fv2%2Ftags&post=57561"}],"curies":[{"name":"wp","href":"https:\/\/api.w.org\/{rel}","templated":true}]}}