{"id":57564,"date":"2026-05-01T06:46:00","date_gmt":"2026-05-01T06:46:00","guid":{"rendered":"http:\/\/www.deportesparalimpicos.com\/?p=57564"},"modified":"2026-05-01T11:14:23","modified_gmt":"2026-05-01T11:14:23","slug":"abinader-sigue-inaugurando-escuelas-con-canchas-mixtas","status":"publish","type":"post","link":"http:\/\/www.deportesparalimpicos.com\/?p=57564","title":{"rendered":"ABINADER SIGUE INAUGURANDO ESCUELAS CON&#8230; CANCHAS MIXTAS"},"content":{"rendered":"\n<p>El&nbsp;<strong>Gobierno dominicano<\/strong>, encabezado por el presidente&nbsp;<strong>Luis Abinader<\/strong>, dej\u00f3 inaugurados dos&nbsp;<strong>centros educativos<\/strong>&nbsp;en comunidades el municipio R\u00edo San Juan, en la provincia Mar\u00eda Trinidad S\u00e1nchez, como parte de su plan de fortalecimiento de la infraestructura escolar. Ambos impactar\u00e1n a&nbsp; m\u00e1s de 680 estudiantes y cuentan con \u00e1reas de recreaci\u00f3n y para la pr\u00e1ctica deportiva.<\/p>\n\n\n\n<p>Se trata del&nbsp;<strong>Liceo Copeyito<\/strong>&nbsp;y la&nbsp;<strong>Escuela Primaria Raquel de la Rosa Fa\u00f1a<\/strong>, ambos proyectos que permanecieron inconclusos durante m\u00e1s de una d\u00e9cada y que fueron terminados en menos de un a\u00f1o a trav\u00e9s del plan&nbsp;<strong>\u00abAulas 24\/7-365\u00bb,<\/strong>&nbsp;impulsado por el Ministerio de Educaci\u00f3n.<\/p>\n\n\n\n<p>El&nbsp;<strong>Liceo Copeyito<\/strong>, inaugurado directamente por el mandatario, beneficiar\u00e1 a m\u00e1s de 280 estudiantes y cuenta con&nbsp;<strong>aulas modernas<\/strong>, laboratorios, enfermer\u00eda y espacios deportivos, indica una nota de prensa de la Presidencia.<\/p>\n\n\n\n<p>De manera simult\u00e1nea, el ministro de Educaci\u00f3n,&nbsp;<strong>Luis Miguel De Camps<\/strong>, encabez\u00f3 la apertura de la&nbsp;<strong>Escuela Primaria Raquel de la Rosa Fa\u00f1a<\/strong>, ubicada en la comunidad El Ed\u00e9n, la cual impactar\u00e1 a&nbsp;<strong>m\u00e1s de 400 alumnos<\/strong>.<\/p>\n\n\n\n<p>En las palabras centrales,&nbsp;<strong>De Camps<\/strong>, dijo que la&nbsp;<strong>entrega del plantel escolar<\/strong>&nbsp;responde a la necesidad de acompa\u00f1ar a los estudiantes en un espacio en el cual se construyen las bases para el futuro, donde \u00abse despertar\u00e1n vocaciones, se comenzar\u00e1n a construir los&nbsp;<strong>proyectos de vida<\/strong>&nbsp;de cientos y cientos de ni\u00f1as y de ni\u00f1os de esta comunidad\u00bb.<\/p>\n\n\n\n<p>Llam\u00f3 a las&nbsp;<strong>familias de R\u00edo San Juan<\/strong>&nbsp;a hacerse parte de la vida de la escuela acompa\u00f1ando el proceso educativo y a los estudiantes a llenar las aulas con sus sue\u00f1os, con&nbsp;<strong>disciplina y compromiso<\/strong>.<\/p>\n\n\n\n<h3>Inversi\u00f3n y alcance<\/h3>\n\n\n\n<p>La&nbsp;<strong>escuela primaria<\/strong>&nbsp;dispone de&nbsp;<strong>17 aulas<\/strong>, biblioteca, cancha y \u00e1reas de uso m\u00faltiple, con una inversi\u00f3n superior a los 96 millones de pesos. Ambos centros buscan mejorar las condiciones de ense\u00f1anza y ampliar el acceso a educaci\u00f3n de calidad en la zona.<\/p>\n\n\n\n<p>Las&nbsp;<strong>autoridades<\/strong>&nbsp;destacaron que estas inauguraciones responden a la necesidad de saldar una&nbsp;<strong>deuda hist\u00f3rica<\/strong>&nbsp;con comunidades que esperaban desde hace a\u00f1os la conclusi\u00f3n de estas obras educativas.<\/p>\n\n\n\n<h3>Impacto en la comunidad<\/h3>\n\n\n\n<p>Con la entrega de estos planteles, estudiantes, docentes y personal administrativo contar\u00e1n con&nbsp;<strong>espacios adecuados<\/strong>&nbsp;para el desarrollo acad\u00e9mico, lo que contribuir\u00e1 a fortalecer el sistema educativo p\u00fablico en R\u00edo San Juan.<\/p>\n\n\n\n<p>Durante los actos participaron&nbsp;<strong>autoridades<\/strong>&nbsp;locales,&nbsp;<strong>legisladores<\/strong>&nbsp;y representantes de distintas instituciones, quienes valoraron las obras como un impulso significativo para el&nbsp;<strong>desarrollo educativo<\/strong>&nbsp;de la regi\u00f3n.https:\/\/www.facebook.com\/plugins\/like.php?app_id=&amp;channel=https%3A%2F%2Fstaticxx.facebook.com%2Fx%2Fconnect%2Fxd_arbiter%2F%3Fversion%3D46%23cb%3Df7c06e8b460548998%26domain%3Dwww.mujerdeportivard.com%26is_canvas%3Dfalse%26origin%3Dhttps%253A%252F%252Fwww.mujerdeportivard.com%252Ff88b6c898b9f724e3%26relation%3Dparent.parent&amp;container_width=747&amp;href=https%3A%2F%2Fwww.mujerdeportivard.com%2Fprincipales%2Fabinader-sigue-inaugurando-escuelas-con-areas-deportivas%2F&amp;layout=button_count&amp;locale=es_ES&amp;ref=below-post&amp;sdk=joey&amp;share=true&amp;width=660<\/p>\n","protected":false},"excerpt":{"rendered":"<p>El&nbsp;Gobierno dominicano, encabezado por el presidente&nbsp;Luis Abinader, dej\u00f3 inaugurados dos&nbsp;centros educativos&nbsp;en comunidades el municipio R\u00edo San Juan, en la provincia Mar\u00eda Trinidad S\u00e1nchez, como parte<a class=\"moretag\" href=\"http:\/\/www.deportesparalimpicos.com\/?p=57564\"> [&#8230;]<\/a><\/p>\n","protected":false},"author":7,"featured_media":57565,"comment_status":"closed","ping_status":"closed","sticky":false,"template":"","format":"standard","meta":[],"categories":[25],"tags":[],"_links":{"self":[{"href":"http:\/\/www.deportesparalimpicos.com\/index.php?rest_route=\/wp\/v2\/posts\/57564"}],"collection":[{"href":"http:\/\/www.deportesparalimpicos.com\/index.php?rest_route=\/wp\/v2\/posts"}],"about":[{"href":"http:\/\/www.deportesparalimpicos.com\/index.php?rest_route=\/wp\/v2\/types\/post"}],"author":[{"embeddable":true,"href":"http:\/\/www.deportesparalimpicos.com\/index.php?rest_route=\/wp\/v2\/users\/7"}],"replies":[{"embeddable":true,"href":"http:\/\/www.deportesparalimpicos.com\/index.php?rest_route=%2Fwp%2Fv2%2Fcomments&post=57564"}],"version-history":[{"count":1,"href":"http:\/\/www.deportesparalimpicos.com\/index.php?rest_route=\/wp\/v2\/posts\/57564\/revisions"}],"predecessor-version":[{"id":57566,"href":"http:\/\/www.deportesparalimpicos.com\/index.php?rest_route=\/wp\/v2\/posts\/57564\/revisions\/57566"}],"wp:featuredmedia":[{"embeddable":true,"href":"http:\/\/www.deportesparalimpicos.com\/index.php?rest_route=\/wp\/v2\/media\/57565"}],"wp:attachment":[{"href":"http:\/\/www.deportesparalimpicos.com\/index.php?rest_route=%2Fwp%2Fv2%2Fmedia&parent=57564"}],"wp:term":[{"taxonomy":"category","embeddable":true,"href":"http:\/\/www.deportesparalimpicos.com\/index.php?rest_route=%2Fwp%2Fv2%2Fcategories&post=57564"},{"taxonomy":"post_tag","embeddable":true,"href":"http:\/\/www.deportesparalimpicos.com\/index.php?rest_route=%2Fwp%2Fv2%2Ftags&post=57564"}],"curies":[{"name":"wp","href":"https:\/\/api.w.org\/{rel}","templated":true}]}}