{"id":58342,"date":"2026-09-02T07:49:00","date_gmt":"2026-09-02T07:49:00","guid":{"rendered":"http:\/\/www.deportesparalimpicos.com\/?p=58342"},"modified":"2026-09-02T12:18:29","modified_gmt":"2026-09-02T12:18:29","slug":"58342","status":"publish","type":"post","link":"http:\/\/www.deportesparalimpicos.com\/?p=58342","title":{"rendered":"PARA CHRISTOPHER MELENCIANO, ATLETA SORDOL\u00cdMPICO, SU MADRE&#8230; VALE ORO"},"content":{"rendered":"\n<p><strong>Para Christopher Melenciano, l<\/strong>legar a lo m\u00e1s alto del atletismo dominicano no ha sido un camino f\u00e1cil. Detr\u00e1s de cada carrera, cada medalla y cada triunfo hay una historia marcada por sacrificios, dificultades y momentos en los que tuvo que luchar contra la adversidad para demostrar que ninguna limitaci\u00f3n pod\u00eda impedirle alcanzar sus sue\u00f1os.<\/p>\n\n\n\n<p>Melenciano, con discapacidad auditiva, recuerda que desde muy joven tuvo que enfrentar el bullying de algunos compa\u00f1eros debido a su condici\u00f3n.<\/p>\n\n\n\n<p><em><strong>\u201cLas burlas y las dificultades para comunicarse conmigo formaron parte de una etapa dolorosa de mi vida, pero lejos de rendirme, encontr\u00e9 en el deporte una v\u00eda para demostrar su capacidad y cambiar la percepci\u00f3n de quienes dudaban de m\u00ed\u201d, proclama.<\/strong><\/em><\/p>\n\n\n\n<p><strong>Su madre Marisol Reyes<\/strong><\/p>\n\n\n\n<p>Uno de sus mayores respaldos fue su madre, Marisol Reyes, quien estuvo a su lado en los momentos m\u00e1s dif\u00edciles y se convirti\u00f3 en una pieza fundamental para que continuara adelante. Su apoyo y sus palabras de motivaci\u00f3n le dieron las fuerzas necesarias para no abandonar sus sue\u00f1os.<\/p>\n\n\n\n<p>En las competencias tambi\u00e9n ten\u00eda que superar obst\u00e1culos que para otros atletas pod\u00edan parecer insignificantes. Al no poder escuchar la se\u00f1al de salida, ten\u00eda que observar cuidadosamente a sus compa\u00f1eros para saber cu\u00e1ndo arrancar en las carreras.<\/p>\n\n\n\n<p><em><strong>\u201cMi concentraci\u00f3n deb\u00eda ser m\u00e1xima para no perder ni una fracci\u00f3n de segundo\u201d, recalca.<\/strong><\/em><\/p>\n\n\n\n<p>Y abunda: \u201cNo fue nada f\u00e1cil. Tuve que pasar por muchas cosas, sufr\u00ed mucho por ser sordo, pero mi madre siempre estuvo conmigo y me apoy\u00f3 para que siguiera adelante\u201d, ha expresado Melenciano al recordar su trayectoria.<\/p>\n\n\n\n<p>Detr\u00e1s de la historia de superaci\u00f3n del atleta Christopher Melenciano existe una mujer que nunca dej\u00f3 de creer en \u00e9l: su madre, Marisol, quien desde su ni\u00f1ez entendi\u00f3 que tendr\u00eda que hacer grandes sacrificios para ayudar a su hijo a salir adelante.<\/p>\n\n\n\n<p><strong>Acto de amor le cambi\u00f3 su vida<\/strong><\/p>\n\n\n\n<p>Marisol recuerda que, al descubrir las dificultades de Christopher por su condici\u00f3n de sordo, tom\u00f3 una decisi\u00f3n que cambiar\u00eda para siempre la relaci\u00f3n entre ambos: aprendi\u00f3 el lenguaje de se\u00f1as para poder comunicarse con \u00e9l, entenderlo y acompa\u00f1arlo en cada etapa de su crecimiento.<\/p>\n\n\n\n<p>Christopher convirti\u00f3 las dificultades en motivaci\u00f3n y cada obst\u00e1culo en una raz\u00f3n m\u00e1s para continuar entrenando.<\/p>\n\n\n\n<p><strong>Un gran paso<\/strong><\/p>\n\n\n\n<p>Hoy, cuando se coloca en la l\u00ednea de partida, ya no es aquel joven que ten\u00eda que luchar contra las burlas y mirar a los dem\u00e1s para saber cu\u00e1ndo comenzar. Es un atleta que ha aprendido a competir contra las adversidades y que representa un ejemplo de superaci\u00f3n para miles de j\u00f3venes. Christopher era ni\u00f1o que siempre tuvo la convicci\u00f3n de que Dios ten\u00eda grandes planes para \u00e9l.<\/p>\n\n\n\n<p><strong>Un oro grande en Brasil<\/strong><\/p>\n\n\n\n<p>Melenciano particip\u00f3 en los Juegos Sordol\u00edmpicos en Caxias do Sul, Brasil (mayo, 2022), una delegaci\u00f3n que tambi\u00e9n incluy\u00f3 a Nazari Caraballo y Xavier Ogando como atletas y a Alan Jesurum, miembro de la delegaci\u00f3n. El velocista gan\u00f3 medalla de oro en los 200 metros planos y plata en los 400 metros. Tomado de El Hoy.<\/p>\n","protected":false},"excerpt":{"rendered":"<p>Para Christopher Melenciano, llegar a lo m\u00e1s alto del atletismo dominicano no ha sido un camino f\u00e1cil. Detr\u00e1s de cada carrera, cada medalla y cada<a class=\"moretag\" href=\"http:\/\/www.deportesparalimpicos.com\/?p=58342\"> [&#8230;]<\/a><\/p>\n","protected":false},"author":7,"featured_media":58343,"comment_status":"closed","ping_status":"closed","sticky":false,"template":"","format":"standard","meta":[],"categories":[17],"tags":[],"_links":{"self":[{"href":"http:\/\/www.deportesparalimpicos.com\/index.php?rest_route=\/wp\/v2\/posts\/58342"}],"collection":[{"href":"http:\/\/www.deportesparalimpicos.com\/index.php?rest_route=\/wp\/v2\/posts"}],"about":[{"href":"http:\/\/www.deportesparalimpicos.com\/index.php?rest_route=\/wp\/v2\/types\/post"}],"author":[{"embeddable":true,"href":"http:\/\/www.deportesparalimpicos.com\/index.php?rest_route=\/wp\/v2\/users\/7"}],"replies":[{"embeddable":true,"href":"http:\/\/www.deportesparalimpicos.com\/index.php?rest_route=%2Fwp%2Fv2%2Fcomments&post=58342"}],"version-history":[{"count":6,"href":"http:\/\/www.deportesparalimpicos.com\/index.php?rest_route=\/wp\/v2\/posts\/58342\/revisions"}],"predecessor-version":[{"id":58349,"href":"http:\/\/www.deportesparalimpicos.com\/index.php?rest_route=\/wp\/v2\/posts\/58342\/revisions\/58349"}],"wp:featuredmedia":[{"embeddable":true,"href":"http:\/\/www.deportesparalimpicos.com\/index.php?rest_route=\/wp\/v2\/media\/58343"}],"wp:attachment":[{"href":"http:\/\/www.deportesparalimpicos.com\/index.php?rest_route=%2Fwp%2Fv2%2Fmedia&parent=58342"}],"wp:term":[{"taxonomy":"category","embeddable":true,"href":"http:\/\/www.deportesparalimpicos.com\/index.php?rest_route=%2Fwp%2Fv2%2Fcategories&post=58342"},{"taxonomy":"post_tag","embeddable":true,"href":"http:\/\/www.deportesparalimpicos.com\/index.php?rest_route=%2Fwp%2Fv2%2Ftags&post=58342"}],"curies":[{"name":"wp","href":"https:\/\/api.w.org\/{rel}","templated":true}]}}