{"id":58398,"date":"2026-08-30T12:16:04","date_gmt":"2026-08-30T12:16:04","guid":{"rendered":"http:\/\/www.deportesparalimpicos.com\/?p=58398"},"modified":"2026-08-30T12:16:11","modified_gmt":"2026-08-30T12:16:11","slug":"atletismo-agradece-a-luis-abinader-su-apoyo-en-los-centroamericanos","status":"publish","type":"post","link":"http:\/\/www.deportesparalimpicos.com\/?p=58398","title":{"rendered":"ATLETISMO AGRADECE A LUIS ABINADER SU APOYO\u2026 EN LOS CENTROAMERICANOS"},"content":{"rendered":"\n<h1>El atletismo de la Rep\u00fablica Dominicana acaba de escribir una de las p\u00e1ginas m\u00e1s doradas en la historia del deporte nacional. Tras una actuaci\u00f3n \u00e9pica que encendi\u00f3 la pista y el campo en los XXV Juegos Centroamericanos y del Caribe, los verdaderos h\u00e9roes de la patria finalmente cosecharon los frutos de su sudor: la Federaci\u00f3n Dominicana de Asociaciones de Atletismo (FDAA) inici\u00f3 la distribuci\u00f3n de 10.3 millones de pesos en incentivos econ\u00f3micos.<\/h1>\n\n\n\n<p>La pista vibr\u00f3 al ritmo del orgullo criollo con la conquista de 23 medallas en total, con un aplastante dominio de 14 preseas de oro, acompa\u00f1adas por las valiosas medallas de plata y bronce que completaron el medallero. Este grupo de competidores deslumbr\u00f3 al Caribe y lider\u00f3 el hist\u00f3rico r\u00e9cord del pa\u00eds de 150 medallas totales en la cita regional.<\/p>\n\n\n\n<p>La entrega del incentivo monetario estuvo encabezada por el presidente de la FDAA, el ingeniero Alexis Peguero, junto a miembros del Comit\u00e9 Ejecutivo como Ram\u00f3n Valdez, Mariano Cede\u00f1o y Radham\u00e9s Brea, quienes reconocieron de primera mano el sacrificio de los atletas y entrenadores.<\/p>\n\n\n\n<p>Tras la entrega de los fondos, el ingeniero Alexis Peguero resalt\u00f3 el compromiso cumplir con los atletas y aprovech\u00f3 para felicitar al presidente de la Rep\u00fablica, Luis Abinader, por su respaldo para el montaje de los Juegos. Asimismo, extendi\u00f3 sus felicitaciones al ministro de Deportes, Kelvin Cruz, al Comit\u00e9 Organizador y al Comit\u00e9 Ol\u00edmpico Dominicano (COD) por garantizar el desarrollo del evento. Peguero subray\u00f3 que \u201cnuestros atletas est\u00e1n felices con los incentivos que entreg\u00f3 hace algunos d\u00edas el ministro de Deportes al Comit\u00e9 Ol\u00edmpico para que fueran repartidos de acuerdo a los colores de las medallas alcanzadas\u201d.<\/p>\n\n\n\n<p>El dirigente federado record\u00f3 que este \u00e9xito no fue casualidad, sino el resultado de un term\u00f3metro previo donde el pa\u00eds arras\u00f3 en eventos de alto nivel como el Torneo Iberoamericano y el Panamericano en Per\u00fa y Colombia. \u201cDesde mucho antes del inicio de los Juegos nos mantuvimos afirmando p\u00fablicamente que el atletismo iba a aportar medallas de calidad a la delegaci\u00f3n dominicana y as\u00ed fue.<\/p>\n\n\n\n<p>Sab\u00edamos la labor de preparaci\u00f3n que estaban haciendo nuestros atletas. No vamos a parar de trabajar, desde la iniciaci\u00f3n hasta la categor\u00eda superior\u201d, concluy\u00f3 Peguero, revalidando el compromiso de la federaci\u00f3n con el futuro del atletismo dominicano.<\/p>\n\n\n\n<p>Liranyi Alonso gan\u00f3 los 100 metros planos y estableci\u00f3 una nueva marca en los Juegos Centroamericanos y del Caribe.<\/p>\n","protected":false},"excerpt":{"rendered":"<p>El atletismo de la Rep\u00fablica Dominicana acaba de escribir una de las p\u00e1ginas m\u00e1s doradas en la historia del deporte nacional. Tras una actuaci\u00f3n \u00e9pica<a class=\"moretag\" href=\"http:\/\/www.deportesparalimpicos.com\/?p=58398\"> [&#8230;]<\/a><\/p>\n","protected":false},"author":7,"featured_media":58399,"comment_status":"closed","ping_status":"closed","sticky":false,"template":"","format":"standard","meta":[],"categories":[18],"tags":[],"_links":{"self":[{"href":"http:\/\/www.deportesparalimpicos.com\/index.php?rest_route=\/wp\/v2\/posts\/58398"}],"collection":[{"href":"http:\/\/www.deportesparalimpicos.com\/index.php?rest_route=\/wp\/v2\/posts"}],"about":[{"href":"http:\/\/www.deportesparalimpicos.com\/index.php?rest_route=\/wp\/v2\/types\/post"}],"author":[{"embeddable":true,"href":"http:\/\/www.deportesparalimpicos.com\/index.php?rest_route=\/wp\/v2\/users\/7"}],"replies":[{"embeddable":true,"href":"http:\/\/www.deportesparalimpicos.com\/index.php?rest_route=%2Fwp%2Fv2%2Fcomments&post=58398"}],"version-history":[{"count":1,"href":"http:\/\/www.deportesparalimpicos.com\/index.php?rest_route=\/wp\/v2\/posts\/58398\/revisions"}],"predecessor-version":[{"id":58400,"href":"http:\/\/www.deportesparalimpicos.com\/index.php?rest_route=\/wp\/v2\/posts\/58398\/revisions\/58400"}],"wp:featuredmedia":[{"embeddable":true,"href":"http:\/\/www.deportesparalimpicos.com\/index.php?rest_route=\/wp\/v2\/media\/58399"}],"wp:attachment":[{"href":"http:\/\/www.deportesparalimpicos.com\/index.php?rest_route=%2Fwp%2Fv2%2Fmedia&parent=58398"}],"wp:term":[{"taxonomy":"category","embeddable":true,"href":"http:\/\/www.deportesparalimpicos.com\/index.php?rest_route=%2Fwp%2Fv2%2Fcategories&post=58398"},{"taxonomy":"post_tag","embeddable":true,"href":"http:\/\/www.deportesparalimpicos.com\/index.php?rest_route=%2Fwp%2Fv2%2Ftags&post=58398"}],"curies":[{"name":"wp","href":"https:\/\/api.w.org\/{rel}","templated":true}]}}