{"id":58404,"date":"2026-09-02T06:13:00","date_gmt":"2026-09-02T06:13:00","guid":{"rendered":"http:\/\/www.deportesparalimpicos.com\/?p=58404"},"modified":"2026-09-02T11:11:28","modified_gmt":"2026-09-02T11:11:28","slug":"los-presidentes-de-rd-y-hondura-unidos-por-los-deportes-2","status":"publish","type":"post","link":"http:\/\/www.deportesparalimpicos.com\/?p=58404","title":{"rendered":"LOS PRESIDENTES DE RD Y HONDURAS, UNIDOS POR\u2026 LOS DEPORTES"},"content":{"rendered":"\n<p>El presidente de<strong>&nbsp;Honduras<\/strong>, Nasry Asfura Zablah, solicit\u00f3 asesor\u00eda al presidente Luis Abinader, con miras a la preparaci\u00f3n de los&nbsp;XIII Juegos Centroamericanos, que se celebrar\u00e1n en Tegucigalpa, Honduras, en noviembre de 2029.<\/p>\n\n\n\n<p><strong>Nasry Asfura Zablah<\/strong>&nbsp;fue recibido en el&nbsp;<strong>Palacio Nacional<\/strong>&nbsp;por el presidente&nbsp;<strong>Luis Abinader<\/strong>, junto a una peque\u00f1a comisi\u00f3n de funcionarios e invitados.<\/p>\n\n\n\n<p>La solicitud del mandatario de&nbsp;<strong>Honduras<\/strong>&nbsp;es un reconocimiento a los exitosos y reci\u00e9n celebrados&nbsp;<strong>Juegos Centroamericanos y del Caribe Santo Domingo 2026<\/strong>, donde participaron m\u00e1s de&nbsp;<strong>6,000 atletas<\/strong>&nbsp;de&nbsp;<strong>37 pa\u00edses<\/strong>&nbsp;en unas 40 disciplinas, con un r\u00e9cord hist\u00f3rico de 3,244 medallas, con ocasi\u00f3n de la conmemoraci\u00f3n del centenario de la creaci\u00f3n de estos juegos regionales en 1926.<\/p>\n\n\n\n<p>Al destacar la&nbsp;<strong>colaboraci\u00f3n<\/strong>&nbsp;que debe existir entre los pa\u00edses para el&nbsp;<strong>fortalecimiento<\/strong>&nbsp;en todos los aspectos, Asfura Zablah cit\u00f3 como una muestra de profesionalismo el trabajo realizado en los&nbsp;<strong>Juegos Centroamericanos y del Caribe Santo Domingo 2026<\/strong>.<\/p>\n\n\n\n<p>\u00abUn ejemplo donde ustedes fueron los actores importantes en todos los aspectos, incluyendo esas&nbsp;<strong>155 medallas<\/strong>\u00ab, expres\u00f3.<\/p>\n\n\n\n<p>Acto seguido, solicit\u00f3 la&nbsp;<strong>colaboraci\u00f3n<\/strong>&nbsp;dominicana para&nbsp;<strong>organizar<\/strong>&nbsp;el pr\u00f3ximo&nbsp;<strong>evento deportivo<\/strong>&nbsp;en su pa\u00eds.<\/p>\n\n\n\n<h2>Apoyo dominicano<\/h2>\n\n\n\n<p>\u00abMuch\u00edsimas gracias por darnos la oportunidad de poder tambi\u00e9n prepararnos nosotros y darnos ese apoyo para&nbsp;<strong>noviembre del 2029<\/strong>, que somos la&nbsp;<strong>sede<\/strong>&nbsp;de los&nbsp;<strong>Juegos Centroamericanos<\/strong>&nbsp;en&nbsp;<strong>Honduras<\/strong>\u00ab, dijo Asfura en el&nbsp;<strong>Palacio Nacional<\/strong>.<\/p>\n\n\n\n<p>Recibe en tu bandeja de correos un resumen semanal de las principales noticias de inter\u00e9s para la di\u00e1spora dominicana y Estados Unidos.<\/p>\n\n\n\n<p>La solicitud fue correspondida por su hom\u00f3logo&nbsp;<strong>Luis Abinader<\/strong>, quien manifest\u00f3 su disposici\u00f3n de apoyar con la&nbsp;<strong>asesor\u00eda<\/strong>&nbsp;necesaria para el \u00e9xito de los&nbsp;<strong>Juegos Centroamericanos<\/strong>&nbsp;<strong>Honduras<\/strong>&nbsp;2029, dando instrucciones al ministro de Deportes,&nbsp;<strong>Kelvin Cruz<\/strong>, para que inicie la coordinaci\u00f3n y los contactos para esos fines.<\/p>\n\n\n\n<p>El anuncio de que&nbsp;<strong>Honduras<\/strong>&nbsp;ser\u00e1 la&nbsp;<strong>sede<\/strong>&nbsp;de los pr\u00f3ximos&nbsp;<strong>Juegos Centroamericanos<\/strong>&nbsp;se dio a conocer durante la ceremonia de clausura de los Juegos de Santo Domingo 2026.<\/p>\n\n\n\n<p>Durante el acto, celebrado en el Sal\u00f3n de Embajadores del&nbsp;<strong>Palacio Nacional<\/strong>, tambi\u00e9n acompa\u00f1aron a los jefes de Estado el canciller&nbsp;<strong>V\u00edctor (Ito) Bison\u00f3<\/strong>; el ministro de Deportes, Cruz; el presidente de Centro Caribe Sports, Luis\u00edn Mej\u00eda; y el presidente del Comit\u00e9 Organizador de los pasados&nbsp;<strong>Juegos Centroamericanos<\/strong>&nbsp;y del Caribe, Jos\u00e9 P. Monegro, quienes tambi\u00e9n mostraron disposici\u00f3n de asesorar a&nbsp;<strong>Honduras<\/strong>&nbsp;en el montaje de su evento, entre otras personalidades.<\/p>\n","protected":false},"excerpt":{"rendered":"<p>El presidente de&nbsp;Honduras, Nasry Asfura Zablah, solicit\u00f3 asesor\u00eda al presidente Luis Abinader, con miras a la preparaci\u00f3n de los&nbsp;XIII Juegos Centroamericanos, que se celebrar\u00e1n en<a class=\"moretag\" href=\"http:\/\/www.deportesparalimpicos.com\/?p=58404\"> [&#8230;]<\/a><\/p>\n","protected":false},"author":7,"featured_media":58405,"comment_status":"closed","ping_status":"closed","sticky":false,"template":"","format":"standard","meta":[],"categories":[25],"tags":[],"_links":{"self":[{"href":"http:\/\/www.deportesparalimpicos.com\/index.php?rest_route=\/wp\/v2\/posts\/58404"}],"collection":[{"href":"http:\/\/www.deportesparalimpicos.com\/index.php?rest_route=\/wp\/v2\/posts"}],"about":[{"href":"http:\/\/www.deportesparalimpicos.com\/index.php?rest_route=\/wp\/v2\/types\/post"}],"author":[{"embeddable":true,"href":"http:\/\/www.deportesparalimpicos.com\/index.php?rest_route=\/wp\/v2\/users\/7"}],"replies":[{"embeddable":true,"href":"http:\/\/www.deportesparalimpicos.com\/index.php?rest_route=%2Fwp%2Fv2%2Fcomments&post=58404"}],"version-history":[{"count":2,"href":"http:\/\/www.deportesparalimpicos.com\/index.php?rest_route=\/wp\/v2\/posts\/58404\/revisions"}],"predecessor-version":[{"id":58411,"href":"http:\/\/www.deportesparalimpicos.com\/index.php?rest_route=\/wp\/v2\/posts\/58404\/revisions\/58411"}],"wp:featuredmedia":[{"embeddable":true,"href":"http:\/\/www.deportesparalimpicos.com\/index.php?rest_route=\/wp\/v2\/media\/58405"}],"wp:attachment":[{"href":"http:\/\/www.deportesparalimpicos.com\/index.php?rest_route=%2Fwp%2Fv2%2Fmedia&parent=58404"}],"wp:term":[{"taxonomy":"category","embeddable":true,"href":"http:\/\/www.deportesparalimpicos.com\/index.php?rest_route=%2Fwp%2Fv2%2Fcategories&post=58404"},{"taxonomy":"post_tag","embeddable":true,"href":"http:\/\/www.deportesparalimpicos.com\/index.php?rest_route=%2Fwp%2Fv2%2Ftags&post=58404"}],"curies":[{"name":"wp","href":"https:\/\/api.w.org\/{rel}","templated":true}]}}