{"id":58417,"date":"2026-09-02T11:15:35","date_gmt":"2026-09-02T11:15:35","guid":{"rendered":"http:\/\/www.deportesparalimpicos.com\/?p=58417"},"modified":"2026-09-02T11:22:18","modified_gmt":"2026-09-02T11:22:18","slug":"58417","status":"publish","type":"post","link":"http:\/\/www.deportesparalimpicos.com\/?p=58417","title":{"rendered":"ESMERALDA, LA JUDOCA MEDALLISTA DE ORO, ES AGENTE DE LA POLIC\u00cdA NACIONAL"},"content":{"rendered":"\n<h1>Esmeralda Damiano naci\u00f3 en Suiza (en 2003), creci\u00f3 hablando espa\u00f1ol, italiano, alem\u00e1n e ingl\u00e9s y estudi\u00f3 administraci\u00f3n de empresas. Pudo haber construido su vida en el judo alrededor de su identidad helv\u00e9tica o quiz\u00e1s de la italiana, pero eligi\u00f3 defender la bandera dominicana.<\/h1>\n\n\n\n<p>Hija de Silvio Damiano, italiano, y Ramona Guerrero, dominicana, en esa mezcla familiar est\u00e1 buena parte de la explicaci\u00f3n de qui\u00e9n es hoy.<\/p>\n\n\n\n<p>Trayectoria deportiva<br>Empez\u00f3 a entrenar judo a los siete a\u00f1os y, al terminar la primaria, ya sab\u00eda que la disciplina iba a ser parte de su vida por mucho tiempo.<\/p>\n\n\n\n<p>Sin embargo, mientras atravesaba un per\u00edodo de menor inter\u00e9s por el judo, el entrenador Wander Mateo la conoci\u00f3 en Valencia (Espa\u00f1a) y all\u00ed la convenci\u00f3 de unirse al proyecto nacional. El pasado 26 de julio, le dio a la Rep\u00fablica Dominicana su primer oro en los Juegos Centroamericanos y del Caribe (-70 kilogramos).<\/p>\n\n\n\n<p>Terminado el proceso de descanso, ya se entrena para completar su primer ciclo ol\u00edmpico, uno que aspire la lleve hasta Los \u00c1ngeles 2028.<\/p>\n\n\n\n<p>\u00abNo me arrepiento ni un segundo\u00bb, dijo al ser consultada sobre la decisi\u00f3n de instalarse en el pa\u00eds. Su hogar es el Albergue Ol\u00edmpico, donde comparte la cotidianidad con otros atletas.<\/p>\n\n\n\n<p>Cuando no est\u00e1 sometida al riguroso programa de entrenamiento para mantenerse dentro del peso de su categor\u00eda, la llamada \u00abbandera dominicana\u00bb -arroz, habichuelas y carne- forma parte de su alimentaci\u00f3n, incluso desde cuando viv\u00eda en Europa.<\/p>\n\n\n\n<p>Es decir, la bandera que hoy defiende en una competencia internacional ya estaba presente en su vida mucho antes de llegar a la isla.<\/p>\n\n\n\n<p>Es loca con un buen picapollo, y tampoco le hace el feo a unos pl\u00e1tanos fritos con salami.<\/p>\n\n\n\n<p>Integraci\u00f3n social<br>Pero si hay un plato que ocupa un lugar especial en su coraz\u00f3n, es la pasta de su madre, \u00abla pasta de mi mam\u00e1 es la mejor que me he comido en mi vida\u00bb.<\/p>\n\n\n\n<p>Es miembro de la Polic\u00eda Nacional<br>Tambi\u00e9n decidi\u00f3 incorporarse a la Polic\u00eda Nacional y formar parte del equipo de judo de la instituci\u00f3n, que participa en los Juegos Deportivos Militares.<\/p>\n\n\n\n<p>Fue su manera de integrarse no solamente al deporte dominicano, sino tambi\u00e9n a la sociedad que hab\u00eda decidido convertir en su nuevo hogar.<\/p>\n\n\n\n<p>Un mensaje a la juventud<br>Su mensaje a la juventud, es que lo importante es tener las metas claras, que van a haber ca\u00eddas, de los cuales hay que aprender para seguir adelante, \u00absi uno no trabaja con coraz\u00f3n, no se va a lograr.\u00bb<\/p>\n","protected":false},"excerpt":{"rendered":"<p>Esmeralda Damiano naci\u00f3 en Suiza (en 2003), creci\u00f3 hablando espa\u00f1ol, italiano, alem\u00e1n e ingl\u00e9s y estudi\u00f3 administraci\u00f3n de empresas. Pudo haber construido su vida en<a class=\"moretag\" href=\"http:\/\/www.deportesparalimpicos.com\/?p=58417\"> [&#8230;]<\/a><\/p>\n","protected":false},"author":7,"featured_media":58418,"comment_status":"closed","ping_status":"closed","sticky":false,"template":"","format":"standard","meta":[],"categories":[18],"tags":[],"_links":{"self":[{"href":"http:\/\/www.deportesparalimpicos.com\/index.php?rest_route=\/wp\/v2\/posts\/58417"}],"collection":[{"href":"http:\/\/www.deportesparalimpicos.com\/index.php?rest_route=\/wp\/v2\/posts"}],"about":[{"href":"http:\/\/www.deportesparalimpicos.com\/index.php?rest_route=\/wp\/v2\/types\/post"}],"author":[{"embeddable":true,"href":"http:\/\/www.deportesparalimpicos.com\/index.php?rest_route=\/wp\/v2\/users\/7"}],"replies":[{"embeddable":true,"href":"http:\/\/www.deportesparalimpicos.com\/index.php?rest_route=%2Fwp%2Fv2%2Fcomments&post=58417"}],"version-history":[{"count":6,"href":"http:\/\/www.deportesparalimpicos.com\/index.php?rest_route=\/wp\/v2\/posts\/58417\/revisions"}],"predecessor-version":[{"id":58424,"href":"http:\/\/www.deportesparalimpicos.com\/index.php?rest_route=\/wp\/v2\/posts\/58417\/revisions\/58424"}],"wp:featuredmedia":[{"embeddable":true,"href":"http:\/\/www.deportesparalimpicos.com\/index.php?rest_route=\/wp\/v2\/media\/58418"}],"wp:attachment":[{"href":"http:\/\/www.deportesparalimpicos.com\/index.php?rest_route=%2Fwp%2Fv2%2Fmedia&parent=58417"}],"wp:term":[{"taxonomy":"category","embeddable":true,"href":"http:\/\/www.deportesparalimpicos.com\/index.php?rest_route=%2Fwp%2Fv2%2Fcategories&post=58417"},{"taxonomy":"post_tag","embeddable":true,"href":"http:\/\/www.deportesparalimpicos.com\/index.php?rest_route=%2Fwp%2Fv2%2Ftags&post=58417"}],"curies":[{"name":"wp","href":"https:\/\/api.w.org\/{rel}","templated":true}]}}