{"id":58425,"date":"2026-09-02T11:33:41","date_gmt":"2026-09-02T11:33:41","guid":{"rendered":"http:\/\/www.deportesparalimpicos.com\/?p=58425"},"modified":"2026-09-02T11:33:49","modified_gmt":"2026-09-02T11:33:49","slug":"el-mived-se-une-al-rescate-del-play-de-beisbol-los-molinos-de-villa-duarte","status":"publish","type":"post","link":"http:\/\/www.deportesparalimpicos.com\/?p=58425","title":{"rendered":"EL MIVED SE UNE AL RESCATE DEL PLAY DE B\u00c9ISBOL LOS MOLINOS\u2026 DE VILLA DUARTE"},"content":{"rendered":"\n<p>Una respuesta tan firme como inmediata motiv\u00f3 el reportaje publicado por este peri\u00f3dico en su serie&nbsp;<strong>\u201cDesde Los Barrios\u201d,&nbsp;<\/strong>escrito por el periodista Primitivo Cadete.<\/p>\n\n\n\n<p>Tras visibilizarse la urgencia social y las deplorables condiciones del hist\u00f3rico play&nbsp;<strong>\u00abLos Molinos\u00bb,<\/strong>&nbsp;el comisionado nacional de b\u00e9isbol, Junior Noboa, asumi\u00f3 de primera mano la mediaci\u00f3n ante el Gobierno Central para hacer realidad la reconstrucci\u00f3n integral de este espacio clave en Villa Duarte.<\/p>\n\n\n\n<p>Lejos de quedarse en el compromiso verbal, la intervenci\u00f3n directa de Noboa logr\u00f3 activar de inmediato la maquinaria del Estado.En una alianza estrat\u00e9gica, el comisionado coordin\u00f3 con el ministro del Ministerio de Vivienda y Edificaciones (MIVHED), Jean Luis Rodr\u00edguez, quien dispuso el despliegue inmediato de un equipo de ingenieros y t\u00e9cnicos especializados en el terreno para llevar a cabo los estudios de suelo y las evaluaciones estructurales del recinto.<\/p>\n\n\n\n<p>La incorporaci\u00f3n del MIVHED al proyecto representa la garant\u00eda t\u00e9cnica para la ejecuci\u00f3n de la obra, al tratarse del \u00f3rgano estatal con la infraestructura y capacidad operativa demostrada recientemente en la construcci\u00f3n y remozamiento de las sedes de los XXV Juegos Centroamericanos y del Caribe Santo Domingo 2026.<\/p>\n","protected":false},"excerpt":{"rendered":"<p>Una respuesta tan firme como inmediata motiv\u00f3 el reportaje publicado por este peri\u00f3dico en su serie&nbsp;\u201cDesde Los Barrios\u201d,&nbsp;escrito por el periodista Primitivo Cadete. Tras visibilizarse<a class=\"moretag\" href=\"http:\/\/www.deportesparalimpicos.com\/?p=58425\"> [&#8230;]<\/a><\/p>\n","protected":false},"author":7,"featured_media":58426,"comment_status":"closed","ping_status":"closed","sticky":false,"template":"","format":"standard","meta":[],"categories":[16],"tags":[],"_links":{"self":[{"href":"http:\/\/www.deportesparalimpicos.com\/index.php?rest_route=\/wp\/v2\/posts\/58425"}],"collection":[{"href":"http:\/\/www.deportesparalimpicos.com\/index.php?rest_route=\/wp\/v2\/posts"}],"about":[{"href":"http:\/\/www.deportesparalimpicos.com\/index.php?rest_route=\/wp\/v2\/types\/post"}],"author":[{"embeddable":true,"href":"http:\/\/www.deportesparalimpicos.com\/index.php?rest_route=\/wp\/v2\/users\/7"}],"replies":[{"embeddable":true,"href":"http:\/\/www.deportesparalimpicos.com\/index.php?rest_route=%2Fwp%2Fv2%2Fcomments&post=58425"}],"version-history":[{"count":1,"href":"http:\/\/www.deportesparalimpicos.com\/index.php?rest_route=\/wp\/v2\/posts\/58425\/revisions"}],"predecessor-version":[{"id":58427,"href":"http:\/\/www.deportesparalimpicos.com\/index.php?rest_route=\/wp\/v2\/posts\/58425\/revisions\/58427"}],"wp:featuredmedia":[{"embeddable":true,"href":"http:\/\/www.deportesparalimpicos.com\/index.php?rest_route=\/wp\/v2\/media\/58426"}],"wp:attachment":[{"href":"http:\/\/www.deportesparalimpicos.com\/index.php?rest_route=%2Fwp%2Fv2%2Fmedia&parent=58425"}],"wp:term":[{"taxonomy":"category","embeddable":true,"href":"http:\/\/www.deportesparalimpicos.com\/index.php?rest_route=%2Fwp%2Fv2%2Fcategories&post=58425"},{"taxonomy":"post_tag","embeddable":true,"href":"http:\/\/www.deportesparalimpicos.com\/index.php?rest_route=%2Fwp%2Fv2%2Ftags&post=58425"}],"curies":[{"name":"wp","href":"https:\/\/api.w.org\/{rel}","templated":true}]}}