{"id":58428,"date":"2026-09-02T12:12:49","date_gmt":"2026-09-02T12:12:49","guid":{"rendered":"http:\/\/www.deportesparalimpicos.com\/?p=58428"},"modified":"2026-09-02T12:14:05","modified_gmt":"2026-09-02T12:14:05","slug":"villa-duarte-muy-agradecida-del-gran-apoyo-deportivo-del-gobierno","status":"publish","type":"post","link":"http:\/\/www.deportesparalimpicos.com\/?p=58428","title":{"rendered":"VILLA DUARTE, MUY AGRADECIDA DEL GRAN APOYO DEPORTIVO DE KELVIN CRUZ"},"content":{"rendered":"\n<p>Si algo es motivo de celebraci\u00f3n en Villa Duarte es el gran respaldo que recibe por parte del Ministerio de Deportes en materia de construcci\u00f3n y remozamiento de polideportivos, en la persona del ministro Kelvin Cruz.<\/p>\n\n\n\n<p>Jos\u00e9 Augusto Mart\u00ednez, reconocido dirigente deportivo, abogado y propulsor comunitario, destaca que en esa direcci\u00f3n la comunidad de Villa Duarte no se puede quejar de las autoridades deportivas, en especial de Cruz.<\/p>\n\n\n\n<p>Resalta el proceso de remodelaci\u00f3n a que est\u00e1 sometido el Club Pueblo Nuevo, del cual fue su presidente por d\u00e9cadas.<\/p>\n\n\n\n<p>\u201cLa remodelaci\u00f3n incluye la colocaci\u00f3n de un tabloncillo tipo NBA, estamos muy agradecidos del ministro Kelvin Cruz\u201d, dijo.<\/p>\n\n\n\n<p>Expone que el Club Calero, fundado el 24 de septiembre de 1983, que tuvo una franquicia en el torneo de baloncesto superior del Distrito Nacional, tiene su polideportivo, .<\/p>\n\n\n\n<p>El club Juan Carlos Ramos, de Simonico, lo est\u00e1n techando, el de La Francia, en proceso, lo mismos que Los Coquitos y el Virgilio Fr\u00edas, de los Tres Ojos.<\/p>\n\n\n\n<p>\u201cAl Club Pueblo Nuevo, adem\u00e1s se le est\u00e1 cerrando el techado, se le instalan dos parales con sus tableros, una pizarra nueva, abanicos, entre otros\u201d, sostuvo Mart\u00ednez.<\/p>\n\n\n\n<p>Plante\u00f3 que en su club se practica baloncesto, voleibol, f\u00fatbol sala, ajedrez y judo.<\/p>\n\n\n\n<p>De su club es Yamel Abreu, integrante de la selecci\u00f3n nacional de baloncesto femenino y tambi\u00e9n integrante del plantel nacional de netball.<\/p>\n\n\n\n<p>\u201cPueblo Nuevo ha sido seleccionado en cinco ocasiones como Club del A\u00f1o de la provincia Santo Domingo en baloncesto\u201d.<\/p>\n","protected":false},"excerpt":{"rendered":"<p>Si algo es motivo de celebraci\u00f3n en Villa Duarte es el gran respaldo que recibe por parte del Ministerio de Deportes en materia de construcci\u00f3n<a class=\"moretag\" href=\"http:\/\/www.deportesparalimpicos.com\/?p=58428\"> [&#8230;]<\/a><\/p>\n","protected":false},"author":7,"featured_media":58429,"comment_status":"closed","ping_status":"closed","sticky":false,"template":"","format":"standard","meta":[],"categories":[17],"tags":[],"_links":{"self":[{"href":"http:\/\/www.deportesparalimpicos.com\/index.php?rest_route=\/wp\/v2\/posts\/58428"}],"collection":[{"href":"http:\/\/www.deportesparalimpicos.com\/index.php?rest_route=\/wp\/v2\/posts"}],"about":[{"href":"http:\/\/www.deportesparalimpicos.com\/index.php?rest_route=\/wp\/v2\/types\/post"}],"author":[{"embeddable":true,"href":"http:\/\/www.deportesparalimpicos.com\/index.php?rest_route=\/wp\/v2\/users\/7"}],"replies":[{"embeddable":true,"href":"http:\/\/www.deportesparalimpicos.com\/index.php?rest_route=%2Fwp%2Fv2%2Fcomments&post=58428"}],"version-history":[{"count":2,"href":"http:\/\/www.deportesparalimpicos.com\/index.php?rest_route=\/wp\/v2\/posts\/58428\/revisions"}],"predecessor-version":[{"id":58431,"href":"http:\/\/www.deportesparalimpicos.com\/index.php?rest_route=\/wp\/v2\/posts\/58428\/revisions\/58431"}],"wp:featuredmedia":[{"embeddable":true,"href":"http:\/\/www.deportesparalimpicos.com\/index.php?rest_route=\/wp\/v2\/media\/58429"}],"wp:attachment":[{"href":"http:\/\/www.deportesparalimpicos.com\/index.php?rest_route=%2Fwp%2Fv2%2Fmedia&parent=58428"}],"wp:term":[{"taxonomy":"category","embeddable":true,"href":"http:\/\/www.deportesparalimpicos.com\/index.php?rest_route=%2Fwp%2Fv2%2Fcategories&post=58428"},{"taxonomy":"post_tag","embeddable":true,"href":"http:\/\/www.deportesparalimpicos.com\/index.php?rest_route=%2Fwp%2Fv2%2Ftags&post=58428"}],"curies":[{"name":"wp","href":"https:\/\/api.w.org\/{rel}","templated":true}]}}