{"id":9937,"date":"2019-11-11T06:01:45","date_gmt":"2019-11-11T06:01:45","guid":{"rendered":"http:\/\/www.deportesparalimpicos.com\/?p=9937"},"modified":"2019-11-10T20:08:28","modified_gmt":"2019-11-10T20:08:28","slug":"el-pugil-que-vencio-dos-veces-al-cancer-muere-haciendo-sparring","status":"publish","type":"post","link":"http:\/\/www.deportesparalimpicos.com\/?p=9937","title":{"rendered":"El p\u00fagil que venci\u00f3 dos veces al c\u00e1ncer, muere haciendo sparring"},"content":{"rendered":"\n<p>Apenas tres semanas despu\u00e9s de la&nbsp;<a href=\"https:\/\/www.marca.com\/boxeo\/2019\/10\/17\/5da8097cca474111158b45ed.html\">muerte de Patrick Day<\/a>, el boxeo tiene que lamentar otra p\u00e9rdida, en este caso la del p\u00fagil australiano&nbsp;<strong>Dwight Ritchie, de 27 a\u00f1os,<\/strong>&nbsp;quien falleci\u00f3 en Melbourne mientras realizaba una sesi\u00f3n de sparring con su compatriota Michael Zerafa, el rival del excampe\u00f3n mundial Jeff Horn.<\/p>\n\n\n\n<p>Seg\u00fan inform\u00f3 News Corp,&nbsp;<strong>Ritchie, apodado &#8216;Fighting Cowboy&#8217; recibi\u00f3 un golpe en el cuerpo, regres\u00f3 a su esquina, y al llegar colaps\u00f3<\/strong>. Pese a solicitar asistencia m\u00e9dica,&nbsp;<strong>el p\u00fagil no pudo ser reanimado<\/strong>. De momento se desconocen las causas de la muerte del australiano, que contaba un&nbsp;<strong>r\u00e9cord profesional de 19-2-0 (2 KOs)<\/strong>. Su \u00faltima pelea tuvo lugar en agosto, contra Tim Tszyu, con quien cay\u00f3 derrotado por decisi\u00f3n un\u00e1nime en un combate a 10 asaltos por el t\u00edtulo de Australasia de la IBF del peso superwelter.<\/p>\n\n\n\n<figure class=\"wp-block-image\"><img loading=\"lazy\" width=\"808\" height=\"454\" src=\"http:\/\/www.deportesparalimpicos.com\/wp-content\/uploads\/2019\/11\/Dwight-Ritchie.jpg\" alt=\"\" class=\"wp-image-9938\" srcset=\"http:\/\/www.deportesparalimpicos.com\/\/wp-content\/uploads\/2019\/11\/Dwight-Ritchie.jpg 808w, http:\/\/www.deportesparalimpicos.com\/\/wp-content\/uploads\/2019\/11\/Dwight-Ritchie-300x169.jpg 300w, http:\/\/www.deportesparalimpicos.com\/\/wp-content\/uploads\/2019\/11\/Dwight-Ritchie-768x432.jpg 768w\" sizes=\"(max-width: 808px) 100vw, 808px\" \/><\/figure>\n\n\n\n<p>Jake Ellis,&nbsp;<strong>promotor de Ritchie<\/strong>, confirm\u00f3 la noticia a trav\u00e9s de las redes sociales: \u00abEs una gran tristeza y sorpresa tener que anuncian que&nbsp;<strong>Dwight &#8216;Fighting Cowboy&#8217; Ritchie ha fallecido hoy haciendo lo que amaba<\/strong>. Como promotor y amigo de Dwight, es insoportable tener que aceptar las tr\u00e1gicas noticias que acaban de aparecer. Dwight ser\u00e1 siempre recordado por la fraternidad del boxeo como&nbsp;<strong>uno de los talentos m\u00e1s brillantes de Australia, con un estilo de pelea que evidenciaba la forma en que viv\u00eda<\/strong>. Descansa en paz &#8216;Cowboy&#8217;, siempre te echaremos de menos\u00bb.<\/p>\n\n\n\n<p>Team Ellis Boxing Promotions ha creado una p\u00e1gina en la plataforma Go Fund Me, con el objetivo de&nbsp;<strong>recaudar fondos para ayudar a mantener econ\u00f3micamente a los tres hijos de Dwight Ritchie<\/strong>. Durante su infancia, se da la circunstancia de que el fallecido&nbsp;<strong>hab\u00eda superado en dos ocasiones un c\u00e1ncer, con seis meses de edad y nuevamente a los 18 meses de vida<\/strong>.<\/p>\n\n\n\n<p>Se trata de la&nbsp;<strong>cuarta p\u00e9rdida que sufre este deporte en 2019<\/strong>&nbsp;tras el fallecimiento de<a href=\"https:\/\/www.marca.com\/boxeo\/2019\/07\/23\/5d37436f268e3e450d8b459a.html\">&nbsp;Maxim Dadashev (23 julio)<\/a>,&nbsp;<a href=\"https:\/\/www.marca.com\/boxeo\/2019\/07\/25\/5d39fa06ca47410f178b4626.html\">Hugo Santill\u00e1n (25 julio)&nbsp;<\/a>y&nbsp;<a href=\"https:\/\/www.marca.com\/boxeo\/2019\/10\/17\/5da8097cca474111158b45ed.html\">Patrick Day (17 octubre)<\/a>, todos ellos afectados por lesiones cerebrales.<\/p>\n","protected":false},"excerpt":{"rendered":"<p>Apenas tres semanas despu\u00e9s de la&nbsp;muerte de Patrick Day, el boxeo tiene que lamentar otra p\u00e9rdida, en este caso la del p\u00fagil australiano&nbsp;Dwight Ritchie, de<a class=\"moretag\" href=\"http:\/\/www.deportesparalimpicos.com\/?p=9937\"> [&#8230;]<\/a><\/p>\n","protected":false},"author":3,"featured_media":9938,"comment_status":"open","ping_status":"open","sticky":false,"template":"","format":"standard","meta":[],"categories":[9],"tags":[],"_links":{"self":[{"href":"http:\/\/www.deportesparalimpicos.com\/index.php?rest_route=\/wp\/v2\/posts\/9937"}],"collection":[{"href":"http:\/\/www.deportesparalimpicos.com\/index.php?rest_route=\/wp\/v2\/posts"}],"about":[{"href":"http:\/\/www.deportesparalimpicos.com\/index.php?rest_route=\/wp\/v2\/types\/post"}],"author":[{"embeddable":true,"href":"http:\/\/www.deportesparalimpicos.com\/index.php?rest_route=\/wp\/v2\/users\/3"}],"replies":[{"embeddable":true,"href":"http:\/\/www.deportesparalimpicos.com\/index.php?rest_route=%2Fwp%2Fv2%2Fcomments&post=9937"}],"version-history":[{"count":1,"href":"http:\/\/www.deportesparalimpicos.com\/index.php?rest_route=\/wp\/v2\/posts\/9937\/revisions"}],"predecessor-version":[{"id":9939,"href":"http:\/\/www.deportesparalimpicos.com\/index.php?rest_route=\/wp\/v2\/posts\/9937\/revisions\/9939"}],"wp:featuredmedia":[{"embeddable":true,"href":"http:\/\/www.deportesparalimpicos.com\/index.php?rest_route=\/wp\/v2\/media\/9938"}],"wp:attachment":[{"href":"http:\/\/www.deportesparalimpicos.com\/index.php?rest_route=%2Fwp%2Fv2%2Fmedia&parent=9937"}],"wp:term":[{"taxonomy":"category","embeddable":true,"href":"http:\/\/www.deportesparalimpicos.com\/index.php?rest_route=%2Fwp%2Fv2%2Fcategories&post=9937"},{"taxonomy":"post_tag","embeddable":true,"href":"http:\/\/www.deportesparalimpicos.com\/index.php?rest_route=%2Fwp%2Fv2%2Ftags&post=9937"}],"curies":[{"name":"wp","href":"https:\/\/api.w.org\/{rel}","templated":true}]}}